{"id":1840,"date":"2014-06-27T10:01:00","date_gmt":"2014-06-27T13:01:00","guid":{"rendered":"https:\/\/dialogosinternacionais.com.br\/?p=1840"},"modified":"2022-12-30T19:01:42","modified_gmt":"2022-12-30T22:01:42","slug":"sobre-participacao-e-democracia","status":"publish","type":"post","link":"https:\/\/dialogosinternacionais.com.br\/?p=1840","title":{"rendered":"Sobre Participa\u00e7\u00e3o e Democracia"},"content":{"rendered":"<div><strong>Volume 1 | N\u00famero 1 | Jun. 2014<\/strong><\/div>\n<div><\/div>\n<div><\/div>\n<div style=\"text-align: right;\"><span style=\"font-family: 'Trebuchet MS', sans-serif;\">Por Julia Monteath de Fran\u00e7a<\/span><\/div>\n<div style=\"text-align: left;\">\n<span style=\"font-family: 'Trebuchet MS', sans-serif;\"><br \/>\n<\/span><span style=\"font-family: 'Trebuchet MS', sans-serif;\">Mais um junho se acabando e, por aqui, o ritmo de Copa est\u00e1 se confundindo com o ritmo de trabalho, as reivindica\u00e7\u00f5es sociais se confundem com a alegria do futebol e o grito de gol, a planilha na tela do computador se alterna com a transmiss\u00e3o <\/span><i style=\"font-family: 'Trebuchet MS', sans-serif;\">online <\/i><span style=\"font-family: 'Trebuchet MS', sans-serif;\">do jogo \u2013 tudo junto e misturado no dia a dia de uma das cidades-sede da Copa do Mundo. Imagino que fora das capitais tamb\u00e9m.&nbsp;<\/span><\/div>\n<div style=\"text-align: justify;\">\n<a name=\"more\"><\/a><span style=\"font-family: 'Trebuchet MS',sans-serif;\">H\u00e1 pouco mais de um ano, nesse mesmo m\u00eas de junho, ocorreu uma s\u00e9rie de manifesta\u00e7\u00f5es nas ruas de cidades de todo o Brasil, principalmente nas grandes capitais, como S\u00e3o Paulo, Rio de Janeiro, Recife, Belo Horizonte, Bras\u00edlia&#8230; para falar das mais comentadas pela grande m\u00eddia. Muitos nomes foram dados e muitas interpreta\u00e7\u00f5es foram feitas para um movimento m\u00faltiplo, com diversas facetas, que ainda precisa de muita reflex\u00e3o e que continua at\u00e9 hoje, como podemos ver nas portas dos est\u00e1dios das tais cidades-sede. Ali\u00e1s, que fique claro, manifesta\u00e7\u00f5es com demandas sociais n\u00e3o foram criadas em junho de 2013 e nem v\u00e3o acabar com a Copa.&nbsp;<\/span><\/div>\n<div style=\"text-align: justify;\"><span style=\"font-family: 'Trebuchet MS',sans-serif;\">&nbsp;<\/span><\/div>\n<div style=\"text-align: justify;\"><span style=\"font-family: 'Trebuchet MS',sans-serif;\">E essa exclusividade tampouco \u00e9 nossa: ao mesmo tempo (tamb\u00e9m antes e depois de junho) que ocorreram as manifesta\u00e7\u00f5es no Brasil, foco internacional por estar ent\u00e3o a um ano de sediar a Copa do Mundo, manifesta\u00e7\u00f5es de igual, menor ou maior intensidade ocorreram tamb\u00e9m na Bulg\u00e1ria, na B\u00f3snia, (saindo da letra B), Turquia, Tun\u00edsia, Espanha, Egito, Gr\u00e9cia, G&#8230; em cada lugar, os movimentos tomaram uma forma espec\u00edfica, se focaram em demandas locais espec\u00edficas e tiveram resultados diferentes (espec\u00edficos).&nbsp;<\/span><\/div>\n<div style=\"text-align: justify;\"><span style=\"font-family: 'Trebuchet MS',sans-serif;\">&nbsp;<\/span><\/div>\n<div style=\"text-align: justify;\"><span style=\"font-family: 'Trebuchet MS',sans-serif;\">Assim como no Brasil a Copa foi dada como motivo do estopim &#8211; convenhamos, mesmo para mim, que n\u00e3o estava por aqui na \u00e9poca, est\u00e1 bastante claro que a raz\u00e3o de tais manifesta\u00e7\u00f5es n\u00e3o \u00e9 \u00fanica e nem abstrata, pelo contr\u00e1rio -, no velho continente (sim! Manifesta\u00e7\u00f5es com ou sem uso de viol\u00eancia por todas as partes envolvidas n\u00e3o s\u00e3o exclusividade nossa e nem coisa de \u201cterceiro mundo\u201d), as leituras normalmente tendem a enfatizar o argumento da crise econ\u00f4mica de 2008 e seus efeitos que perduram at\u00e9 os dias de hoje.&nbsp;<\/span><\/div>\n<div style=\"text-align: justify;\"><span style=\"font-family: 'Trebuchet MS',sans-serif;\">&nbsp;<\/span><\/div>\n<div style=\"text-align: justify;\"><span style=\"font-family: 'Trebuchet MS',sans-serif;\">No entanto, chama aten\u00e7\u00e3o que todas essas reivindica\u00e7\u00f5es, mesmo concentradas em quest\u00f5es locais, batem de frente com quest\u00f5es intimamente relacionadas ao atual n\u00edvel de entrela\u00e7amento dos interesses financeiros e do poder empresarial com os processos democr\u00e1ticos dentro destes pa\u00edses. Seja nas quest\u00f5es \u00e9tnicas da B\u00f3snia, sejam nas reivindica\u00e7\u00f5es contra a monopoliza\u00e7\u00e3o dos meios de comunica\u00e7\u00e3o da Bulg\u00e1ria, seja por quest\u00f5es ambientais ou mesmo religiosas que vemos em tantos pa\u00edses \u2013 isso, claro, para citar uma das diversas reivindica\u00e7\u00f5es populares de cada lugar, pois, como bem pudemos perceber no Brasil, as demandas s\u00e3o muitas, m\u00faltiplas, e todas igualmente importante e urgente. Em todos esses casos h\u00e1 um lapso de representa\u00e7\u00e3o dentro de democracias representativas, com mais ou menos tempo de tradi\u00e7\u00e3o democr\u00e1tica.<\/span><\/div>\n<div style=\"text-align: justify;\"><span style=\"font-family: 'Trebuchet MS',sans-serif;\">&nbsp;<\/span><\/div>\n<div style=\"text-align: justify;\"><span style=\"font-family: 'Trebuchet MS',sans-serif;\">A not\u00edcia boa \u00e9 que, com todas essas manifesta\u00e7\u00f5es, parece que estamos entendendo aos poucos que, dentro de um sistema democr\u00e1tico, a participa\u00e7\u00e3o \u00e9 sim base fundamental para o seu funcionamento e n\u00e3o apenas em per\u00edodo eleitoral, como aquele que estamos prestes a entrar. Que fique claro que a participa\u00e7\u00e3o popular \u00e9 complementar e necess\u00e1ria para que haja a representa\u00e7\u00e3o democr\u00e1tica.<\/span><\/div>\n<div style=\"text-align: justify;\"><span style=\"font-family: 'Trebuchet MS',sans-serif;\">&nbsp;<\/span><\/div>\n<div style=\"text-align: justify;\"><span style=\"font-family: 'Trebuchet MS',sans-serif;\">&nbsp;<\/span><\/div>\n<div style=\"text-align: justify;\"><span style=\"font-family: 'Trebuchet MS',sans-serif;\">**<\/span><\/div>\n<div style=\"text-align: justify;\"><span style=\"font-family: 'Trebuchet MS',sans-serif;\">&nbsp;<\/span><\/div>\n<div style=\"text-align: justify;\"><span style=\"font-family: 'Trebuchet MS',sans-serif;\">&nbsp;<\/span><\/div>\n<div style=\"text-align: justify;\"><span style=\"font-family: 'Trebuchet MS',sans-serif;\">Aproveitando: falando de participa\u00e7\u00e3o social em sistemas democr\u00e1ticos, recentemente no Brasil o Congresso Nacional (obviamente n\u00e3o s\u00e3o todos os que est\u00e3o l\u00e1, mas acho que \u00e9 poss\u00edvel arriscar um chute de pelo menos quem s\u00e3o aqueles mais atuantes) vem tentando evitar a todo custo a aplica\u00e7\u00e3o do decreto n\u00ba 8.243\/2014 da Presid\u00eancia da Rep\u00fablica, decreto este que, ao contr\u00e1rio do argumento utilizado pelo Legislativo, n\u00e3o apenas n\u00e3o fortalece um poder em detrimento do outro, como tamb\u00e9m ajuda a fomentar os mecanismos nacionais de participa\u00e7\u00e3o, atrav\u00e9s da institui\u00e7\u00e3o da Pol\u00edtica Nacional de Participa\u00e7\u00e3o Social (PNPS) do Sistema Nacional de Participa\u00e7\u00e3o Social (SNPS).&nbsp;<\/span><\/div>\n<div style=\"text-align: justify;\"><span style=\"font-family: 'Trebuchet MS',sans-serif;\">Vale entender melhor o tema. E que venham as elei\u00e7\u00f5es!<\/span><\/div>\n","protected":false},"excerpt":{"rendered":"<p>Volume 1 | N\u00famero 1 | Jun. 2014 Por Julia Monteath de Fran\u00e7a<\/p>\n","protected":false},"author":3,"featured_media":0,"comment_status":"closed","ping_status":"open","sticky":false,"template":"","format":"standard","meta":{"footnotes":""},"categories":[686,652],"tags":[],"class_list":["post-1840","post","type-post","status-publish","format-standard","hentry","category-v1n1","category-volume1"],"_links":{"self":[{"href":"https:\/\/dialogosinternacionais.com.br\/index.php?rest_route=\/wp\/v2\/posts\/1840","targetHints":{"allow":["GET"]}}],"collection":[{"href":"https:\/\/dialogosinternacionais.com.br\/index.php?rest_route=\/wp\/v2\/posts"}],"about":[{"href":"https:\/\/dialogosinternacionais.com.br\/index.php?rest_route=\/wp\/v2\/types\/post"}],"author":[{"embeddable":true,"href":"https:\/\/dialogosinternacionais.com.br\/index.php?rest_route=\/wp\/v2\/users\/3"}],"replies":[{"embeddable":true,"href":"https:\/\/dialogosinternacionais.com.br\/index.php?rest_route=%2Fwp%2Fv2%2Fcomments&post=1840"}],"version-history":[{"count":3,"href":"https:\/\/dialogosinternacionais.com.br\/index.php?rest_route=\/wp\/v2\/posts\/1840\/revisions"}],"predecessor-version":[{"id":2827,"href":"https:\/\/dialogosinternacionais.com.br\/index.php?rest_route=\/wp\/v2\/posts\/1840\/revisions\/2827"}],"wp:attachment":[{"href":"https:\/\/dialogosinternacionais.com.br\/index.php?rest_route=%2Fwp%2Fv2%2Fmedia&parent=1840"}],"wp:term":[{"taxonomy":"category","embeddable":true,"href":"https:\/\/dialogosinternacionais.com.br\/index.php?rest_route=%2Fwp%2Fv2%2Fcategories&post=1840"},{"taxonomy":"post_tag","embeddable":true,"href":"https:\/\/dialogosinternacionais.com.br\/index.php?rest_route=%2Fwp%2Fv2%2Ftags&post=1840"}],"curies":[{"name":"wp","href":"https:\/\/api.w.org\/{rel}","templated":true}]}}