{"id":1843,"date":"2014-06-13T15:46:00","date_gmt":"2014-06-13T18:46:00","guid":{"rendered":"https:\/\/dialogosinternacionais.com.br\/?p=1843"},"modified":"2022-12-30T19:00:59","modified_gmt":"2022-12-30T22:00:59","slug":"bem-vind-ao-blog-dialogos-internacionais","status":"publish","type":"post","link":"https:\/\/dialogosinternacionais.com.br\/?p=1843","title":{"rendered":"Bem-vind@ ao blog Di\u00e1logos Internacionais!"},"content":{"rendered":"<div style=\"background-color: white; color: #222222; font-size: 13px;\"><\/div>\n<div style=\"background-color: white; color: #222222; font-size: 13px;\">\n<div style=\"text-align: justify;\"><span style=\"font-family: Trebuchet MS, sans-serif;\">Essa nova iniciativa se soma \u00e0s&nbsp;in\u00fameras outras da internet para discutir temas, para n\u00f3s interessantes, da atualidade e da hist\u00f3ria, com foco, n\u00e3o exclusivo, na cena internacional. Nossa motiva\u00e7\u00e3o inicial \u00e9 o debate, o exerc\u00edcio da escrita, da reflex\u00e3o e da cr\u00edtica. Nosso objetivo n\u00e3o \u00e9 ser estritamente acad\u00eamico, mas compartilhar ideias e opini\u00f5es, pesquisas e experi\u00eancias, dados e informa\u00e7\u00f5es.<\/span><br \/>\n<span style=\"font-family: Trebuchet MS, sans-serif;\"><\/span><br \/>\n<a name=\"more\"><\/a><\/div>\n<\/div>\n<div style=\"background-color: white; color: #222222; font-size: 13px;\">\n<div style=\"text-align: justify;\"><span style=\"font-family: Trebuchet MS, sans-serif;\"><br \/>\n<\/span><\/div>\n<\/div>\n<div style=\"background-color: white; color: #222222; font-size: 13px;\"><a href=\"http:\/\/4.bp.blogspot.com\/-rfyt8BI-kLY\/U5tGwJndEjI\/AAAAAAAAAcM\/7up46MmEVUg\/s1600\/digitalizar0002.jpg\" style=\"clear: left; float: left; margin-bottom: 1em; margin-right: 1em; text-align: justify;\"><span style=\"font-family: Trebuchet MS, sans-serif;\"><img fetchpriority=\"high\" decoding=\"async\" border=\"0\" src=\"http:\/\/4.bp.blogspot.com\/-rfyt8BI-kLY\/U5tGwJndEjI\/AAAAAAAAAcM\/7up46MmEVUg\/s1600\/digitalizar0002.jpg\" height=\"201\" width=\"320\"><\/span><\/a><\/p>\n<div style=\"text-align: justify;\"><span style=\"font-family: Trebuchet MS, sans-serif;\">Tentaremos expor, de maneira clara, quest\u00f5es que n\u00f3s nos acostumamos a levantar em debates internos.&nbsp;N\u00f3s, os quatro integrantes deste&nbsp;grupo, nos encontramos, por destino (?!), no curso de p\u00f3s-gradua\u00e7\u00e3o stricto sensu em Economia Pol\u00edtica Internacional (o \u00fanico no Brasil no momento em que escrevemos! oh!), na Universidade Federal do Rio de Janeiro (UFRJ), e resolvemos, dada a evolu\u00e7\u00e3o da amizade, nos reunir fora de seus&nbsp;muros. Como exerc\u00edcio de criatividade, intitulamos os encontros de <i>EGLA &#8211; Encontros Gastron\u00f4micos-L\u00fadicos-<wbr>Acad\u00eamicos<\/i>. Foram v\u00e1rios desde 2011 e hoje o EGLA vai para a internet. Os sabores que experiment\u00e1vamos nos encontros n\u00e3o poder\u00e3o ser reproduzidos aqui, o que de fato ser\u00e1 uma perda, mas manteremos o esp\u00edrito de di\u00e1logo, nem sempre de concord\u00e2ncia, que nos manteve unidos. Perseveraremos.<\/span><\/div>\n<\/div>\n<div style=\"background-color: white; color: #222222; font-size: 13px;\">\n<div style=\"text-align: justify;\"><span style=\"font-family: Trebuchet MS, sans-serif;\"><br \/>\n<\/span><\/div>\n<\/div>\n<div style=\"background-color: white; color: #222222; font-size: 13px;\">\n<div style=\"text-align: justify;\"><span style=\"font-family: Trebuchet MS, sans-serif;\">Por que a internet? Porque hoje estamos tomando rumos diferentes. Conex\u00f5es Barra da Tijuca-Rio de Janeiro-Bras\u00edlia-Florian\u00f3polis (pra quem n\u00e3o conhece, a Barra n\u00e3o fica no Rio! rsss)&nbsp;s\u00e3o facilitadas pelas ferramentas da web. N\u00e3o se sabe ainda quando nos reuniremos pessoalmente, mas aqui estamos juntos no que escolhemos, no di\u00e1logo, no livre pensar, na amplitude de opini\u00e3o, de posi\u00e7\u00e3o, de oposi\u00e7\u00e3o, de pensamento cr\u00edtico e de cr\u00edtica ao pensamento imposto.<\/span><\/div>\n<\/div>\n<div style=\"background-color: white; color: #222222; font-size: 13px;\">\n<div style=\"text-align: justify;\"><span style=\"font-family: Trebuchet MS, sans-serif;\"><br \/>\n<\/span><\/div>\n<\/div>\n<div style=\"background-color: white; color: #222222; font-size: 13px;\">\n<div style=\"text-align: justify;\"><span style=\"font-family: Trebuchet MS, sans-serif;\">A palavra ser\u00e1 tamb\u00e9m aberta ao companheiros que estiverem dispostos a dialogar, &nbsp;sobretudo dos nossos companheiros internacionais. A palavra est\u00e1 sempre aberta. Ela passa a nos acompanhar periodicamente a partir de hoje. Nosso compromisso \u00e9 de escrevermos semanalmente (no in\u00edcio, um a cada semana) com tema livre. Acreditamos.<\/span><\/div>\n<\/div>\n<div style=\"background-color: white; color: #222222; font-size: 13px;\">\n<div style=\"text-align: justify;\"><span style=\"font-family: Trebuchet MS, sans-serif;\"><br \/>\n<\/span><\/div>\n<\/div>\n<div style=\"background-color: white; color: #222222; font-size: 13px;\">\n<div style=\"text-align: justify;\"><span style=\"font-family: Trebuchet MS, sans-serif;\">Mais do que um espa\u00e7o adicional de opini\u00e3o na internet, esse \u00e9 o nosso espa\u00e7o. Esse \u00e9 o ambiente em que desapegamos de nossa filia\u00e7\u00e3o institucional e abrimos o caminho de uma reflex\u00e3o pessoal. Estamos, com isso, dispostos a falar de todos os assuntos que nos interessar, respeitando a pluralidade, mas sem amarras maiores que nossas pr\u00f3prias consci\u00eancias (e a Constitui\u00e7\u00e3o Federal! rsss).<\/span><\/div>\n<\/div>\n<div style=\"background-color: white; color: #222222; font-size: 13px;\">\n<div style=\"text-align: justify;\"><span style=\"font-family: Trebuchet MS, sans-serif;\"><br \/>\n<\/span><\/div>\n<\/div>\n<div style=\"background-color: white; color: #222222; font-size: 13px;\">\n<div style=\"text-align: justify;\"><span style=\"font-family: Trebuchet MS, sans-serif;\">Di\u00e1logos Internacionais \u00e9, portanto, um blog de opini\u00e3o de total responsabilidade de seus autores. O nosso desejo \u00e9 dividir e multiplicar ideias, conhecimentos e informa\u00e7\u00f5es. Iniciamos.<\/span><\/div>\n<\/div>\n<div style=\"background-color: white; color: #222222; font-size: 13px;\"><span style=\"font-family: Trebuchet MS, sans-serif;\"><br \/>\n<\/span><\/div>\n<div style=\"background-color: white; color: #222222; font-size: 13px; text-align: center;\"><span style=\"font-family: Trebuchet MS, sans-serif;\">Florian\u00f3polis, Bras\u00edlia, Rio de Janeiro, 13 de junho de 2014.<\/span><\/div>\n<div style=\"background-color: white; color: #222222; font-size: 13px; text-align: center;\"><span style=\"font-family: Trebuchet MS, sans-serif;\"><br \/>\n<\/span><\/div>\n<div style=\"background-color: white; color: #222222; font-size: 13px; text-align: center;\"><span style=\"font-family: Trebuchet MS, sans-serif;\">Glauber Cardoso Carvalho (meu nome s\u00f3 est\u00e1 na frente por causa do G!!! rsss)<\/span><\/div>\n<div style=\"background-color: white; color: #222222; font-size: 13px; text-align: center;\"><span style=\"font-family: Trebuchet MS, sans-serif;\">Julia Monteath de Fran\u00e7a<\/span><\/div>\n<div style=\"background-color: white; color: #222222; font-size: 13px; text-align: center;\"><span style=\"font-family: Trebuchet MS, sans-serif;\">Larissa Rosevics<\/span><\/div>\n<div style=\"background-color: white; color: #222222; font-size: 13px; text-align: center;\"><span style=\"font-family: Trebuchet MS, sans-serif;\">Suellen de Lannes<\/span><\/div>\n<div style=\"background-color: white; color: #222222; font-size: 13px;\"><span style=\"font-family: Trebuchet MS, sans-serif;\"><br \/>\n<\/span><\/div>\n<div style=\"background-color: white; color: #222222; font-size: 13px;\"><span style=\"font-family: Trebuchet MS, sans-serif;\"><br \/>\n<\/span><\/div>\n<div style=\"background-color: white; color: #222222; font-size: 13px;\"><span style=\"font-family: Trebuchet MS, sans-serif;\">Obs.: Os textos podem ser compartilhados, desde que com a devida refer\u00eancia ao blog.<\/span><\/div>\n","protected":false},"excerpt":{"rendered":"<p>Essa nova iniciativa se soma \u00e0s&nbsp;in\u00fameras outras da internet para discutir temas, para<\/p>\n","protected":false},"author":3,"featured_media":0,"comment_status":"closed","ping_status":"open","sticky":false,"template":"","format":"standard","meta":{"footnotes":""},"categories":[686,652],"tags":[],"class_list":["post-1843","post","type-post","status-publish","format-standard","hentry","category-v1n1","category-volume1"],"_links":{"self":[{"href":"https:\/\/dialogosinternacionais.com.br\/index.php?rest_route=\/wp\/v2\/posts\/1843","targetHints":{"allow":["GET"]}}],"collection":[{"href":"https:\/\/dialogosinternacionais.com.br\/index.php?rest_route=\/wp\/v2\/posts"}],"about":[{"href":"https:\/\/dialogosinternacionais.com.br\/index.php?rest_route=\/wp\/v2\/types\/post"}],"author":[{"embeddable":true,"href":"https:\/\/dialogosinternacionais.com.br\/index.php?rest_route=\/wp\/v2\/users\/3"}],"replies":[{"embeddable":true,"href":"https:\/\/dialogosinternacionais.com.br\/index.php?rest_route=%2Fwp%2Fv2%2Fcomments&post=1843"}],"version-history":[{"count":2,"href":"https:\/\/dialogosinternacionais.com.br\/index.php?rest_route=\/wp\/v2\/posts\/1843\/revisions"}],"predecessor-version":[{"id":2825,"href":"https:\/\/dialogosinternacionais.com.br\/index.php?rest_route=\/wp\/v2\/posts\/1843\/revisions\/2825"}],"wp:attachment":[{"href":"https:\/\/dialogosinternacionais.com.br\/index.php?rest_route=%2Fwp%2Fv2%2Fmedia&parent=1843"}],"wp:term":[{"taxonomy":"category","embeddable":true,"href":"https:\/\/dialogosinternacionais.com.br\/index.php?rest_route=%2Fwp%2Fv2%2Fcategories&post=1843"},{"taxonomy":"post_tag","embeddable":true,"href":"https:\/\/dialogosinternacionais.com.br\/index.php?rest_route=%2Fwp%2Fv2%2Ftags&post=1843"}],"curies":[{"name":"wp","href":"https:\/\/api.w.org\/{rel}","templated":true}]}}