{"id":2603,"date":"2022-05-18T12:25:55","date_gmt":"2022-05-18T15:25:55","guid":{"rendered":"https:\/\/dialogosinternacionais.com.br\/?p=2603"},"modified":"2025-10-12T21:36:44","modified_gmt":"2025-10-13T00:36:44","slug":"segunda-guerra-mundial-lembrai-vos-da-guerra","status":"publish","type":"post","link":"https:\/\/dialogosinternacionais.com.br\/?p=2603","title":{"rendered":"Segunda Guerra Mundial:\u00a0\u201cLembrai-vos da Guerra\u201d"},"content":{"rendered":"<p><\/p>\n\n\n<\/p>\n<p style=\"font-size: 14px;\">Volume 9 | N\u00famero 90 | Mai. 2022<\/p>\n<p>\n\n\n\n<\/p>\n<figure><img fetchpriority=\"high\" decoding=\"async\" src=\"https:\/\/dialogosinternacionais.com.br\/wp-content\/uploads\/2022\/05\/war-gbe1406873_1920-300x160.jpg\" alt=\"\" width=\"449\" height=\"239\"><\/figure>\n<p>\n\n\n\n<\/p>\n<p>\n\n\n\n<\/p>\n<p>Por Henrique Paiva e Fernando Almeida<\/p>\n<p>\n\n\n\n<\/p>\n<p><strong><br><\/strong><\/p><p><strong>Introdu\u00e7\u00e3o<\/strong><\/p>\n<p>\n\n\n\n<\/p>\n<p>Embora n\u00e3o seja novidade afirmar que a Segunda Guerra Mundial foi a maior e mais destruidora guerra ocorrida na trajet\u00f3ria da nossa esp\u00e9cie, n\u00e3o \u00e9 tarefa trivial encontrar artigos recentes que descrevam com qualidade e precis\u00e3o as din\u00e2micas de combate ocorridas nos diferentes&nbsp;<em>fronts<\/em>. Essa avers\u00e3o aos fatos pol\u00edticos possui uma justificativa te\u00f3rica de fundo, sustentando-se na ruptura historiogr\u00e1fica com a&nbsp;<em>histoire<\/em>&nbsp;<em>\u00e9v\u00e9<\/em><em>nementielle<\/em>, no in\u00edcio do s\u00e9culo XX, a partir da revolu\u00e7\u00e3o realizada por Marc Bloch e Lucien Febvre, com a funda\u00e7\u00e3o da chamada \u201cEscola dos&nbsp;<em>Annales<\/em>\u201d.&nbsp;<\/p>\n<p>\n\n\n\n<\/p>\n<p>A nova historiografia da \u201cEscola dos&nbsp;<em>Annales<\/em>\u201d trouxe contribui\u00e7\u00f5es metodol\u00f3gicas muito relevantes, no entanto, a Hist\u00f3ria Pol\u00edtica tamb\u00e9m se renovou. Ren\u00e9 R\u00e9mond demonstrou ser poss\u00edvel fazer uma an\u00e1lise hist\u00f3rica consistente, sem renunciar a uma abordagem que fosse&nbsp;rica&nbsp;na observa\u00e7\u00e3o dos fatos.<\/p>\n<p>Feitas essas considera\u00e7\u00f5es iniciais, importa salientar que este artigo tem por objetivo justamente analisar as din\u00e2micas e reviravoltas que integraram os v\u00e1rios epis\u00f3dios que costumam ser agrupados sobre o nome de \u201cSegunda Guerra Mundial\u201d.&nbsp;<\/p>\n<p>\n\n\n\n<\/p>\n<p>Os conflitos, os fatos pol\u00edticos e as decis\u00f5es dos l\u00edderes s\u00e3o elementos presentes e necess\u00e1rios ao longo de todo o texto. O artigo recorre \u00e0s reflex\u00f5es das causas profundas e ampara sua an\u00e1lise em outros campos do saber, como a Economia, a Geopol\u00edtica, a Sociologia e o Direito Internacional. Busca-se, assim, oferecer ao leitor um texto que consiga apresentar os fatos essenciais, t\u00e3o relevantes para a compreens\u00e3o do despontar da guerra, bem como de seu desfecho, mas sem abrir m\u00e3o de uma abordagem sofisticada e interdisciplinar.&nbsp;<\/p>\n<p>\n\n\n\n<\/p>\n<p><strong><br><\/strong><\/p><p><strong>Origens e antecedentes do conflito<\/strong><\/p>\n<p>\n\n\n\n<\/p>\n<p>Os antecedentes da Segunda Guerra s\u00e3o v\u00e1rios. Para muitos, era uma trag\u00e9dia anunciada. A paz imperfeita de Paris, a grande depress\u00e3o econ\u00f4mica e o ocaso do liberalismo pol\u00edtico-econ\u00f4mico tiveram impacto no mundo inteiro, tendo sido ainda pior na jovem Rep\u00fablica da Alemanha&nbsp;<\/p>\n<p>\n\n\n\n<\/p>\n<p>Os militares alem\u00e3es alegavam, com certa raz\u00e3o, n\u00e3o terem perdido a Primeira Guerra, portanto, o que estava acontecendo era uma trai\u00e7\u00e3o da elite pol\u00edtica e da elite econ\u00f4mica. Trai\u00e7\u00e3o pol\u00edtica que foi atribu\u00edda&nbsp;\u00e0 jovem Rep\u00fablica alem\u00e3, porque, um pouco antes do fim da guerra, o Imp\u00e9rio Alem\u00e3o&nbsp;tinha passado o poder para os republicanos, que acabaram pagando o alto pre\u00e7o pol\u00edtico de terem aceitado o infame Tratado de Versalhes. A trai\u00e7\u00e3o econ\u00f4mica foi atribu\u00edda aos banqueiros do pa\u00eds, que resolveram parar de financiar a ind\u00fastria b\u00e9lica e as For\u00e7as&nbsp;Armadas alem\u00e3s. Culpa que foi atribu\u00edda discursivamente \u00e0&nbsp;popula\u00e7\u00e3o judaica como um todo, devido a origem judia de alguns financistas. Com o orgulho ferido, o discurso antissemita e ultranacionalista nazista mobilizou as massas.<\/p>\n<p>\n\n\n\n<\/p>\n<p>O aceno dos aliados em flexibilizar o&nbsp;<em>Diktat<\/em>&nbsp;nos Acordos de Locarno fez Hitler perceber uma baixa disposi\u00e7\u00e3o dos brit\u00e2nicos e dos franceses de confrontarem os alem\u00e3es, enquanto os norte-americanos continuavam com sua pol\u00edtica externa isolacionista. O III Reich logo&nbsp;reativou o alistamento militar obrigat\u00f3rio e a base industrial de defesa.&nbsp;<\/p>\n<p>\n\n\n\n<\/p>\n<p>Com um discurso biologizante da pol\u00edtica, os alem\u00e3es adotaram uma pol\u00edtica eug\u00eanica e expansionista. O expansionismo buscava atender ao apelo por mais espa\u00e7o vital de um organismo mais din\u00e2mico em busca de outras fontes de mat\u00e9ria-prima, de energia, de alimentos e de m\u00e3o-de-obra: \u00e9 a ideia geopol\u00edtica do&nbsp;<em>lebensraum,&nbsp;<\/em>elaborada pelo geopol\u00edtico alem\u00e3o Friedrich Ratzel. A eugenia defendia a superioridade de certas ra\u00e7as e pregava o purismo endog\u00e2mico e a elimina\u00e7\u00e3o dos indesejados, seja pela morte, seja pela castra\u00e7\u00e3o.&nbsp;<\/p>\n<p>\n\n\n\n<\/p>\n<p>A ideologia da eugenia foi desenvolvida pelo brit\u00e2nico&nbsp;<em>sir<\/em><em>&nbsp;<\/em>Francis Galton, com base em uma leitura enviesada de estat\u00edsticas, que representava mais a estrutura do poder do que qualquer condicionante biol\u00f3gico. Os brit\u00e2nicos t\u00eam dificuldade de reconhecer que a pol\u00edtica de apaziguamento, al\u00e9m de ser uma estrat\u00e9gia militar, tinha rela\u00e7\u00e3o tamb\u00e9m com afinidades ideol\u00f3gicas e din\u00e1sticas com os alem\u00e3es.<\/p>\n<p>\n\n\n\n<\/p>\n<p>Em 1936, Hitler publicamente ignorou o Tratado de Versalhes e assinou pactos de alian\u00e7a com o Reino da It\u00e1lia e com o Imp\u00e9rio do Jap\u00e3o, saindo da Sociedade das Na\u00e7\u00f5es. O ex\u00e9rcito&nbsp;alem\u00e3o tamb\u00e9m ocupou a Ren\u00e2nia (\u00e0s margens do rio Reno), na fronteira com a Fran\u00e7a, que deveria ter ficado desmilitarizada.<\/p>\n<p>\n\n\n\n<\/p>\n<p>Em mar\u00e7o de 1938, o Terceiro Reich anexou a Rep\u00fablica da \u00c1ustria, basicamente germ\u00e2nica, com ampla ades\u00e3o popular, sem derramamento de sangue. O&nbsp;<em>Anschluss<\/em>&nbsp;foi referendado politicamente e a \u00c1ustria&nbsp;passou a ser a prov\u00edncia Ostmark do Reich.<\/p>\n<p>\n\n\n\n<\/p>\n<p>Em abril de 1938, o Reich alem\u00e3o anexou a regi\u00e3o germ\u00e2nica dos Sudetos,&nbsp;na&nbsp;Tchecoslov\u00e1quia, ap\u00f3s os Decretos de Carlsbad, promulgados pelo Partido Alem\u00e3o dos Sudetos. Dessa vez, houve resist\u00eancia do governo tcheco.&nbsp;<\/p>\n<p>\n\n\n\n<\/p>\n<p>A situa\u00e7\u00e3o foi resolvida com a Confer\u00eancia de Munique, em setembro de 1938, por Adolf Hitler, Neville Chamberlain e \u00c9douard Daladier, com media\u00e7\u00e3o de Benito Mussolini, sem a participa\u00e7\u00e3o de plenipotenci\u00e1rios tchecos, que consideraram o acordo uma grande trai\u00e7\u00e3o aliada.&nbsp;<\/p>\n<p>\n\n\n\n<\/p>\n<p>Chamberlain&nbsp;\u00e9 saudado na sua volta ao Reino Unido, tendo declarado \u201c<em>peace for our time<\/em>\u201d. As pot\u00eancias ocidentais preferem adotar a Pol\u00edtica do Apaziguamento (<em>appeasement<\/em>) na tentativa de deixar Hitler satisfeito no&nbsp;<em>front<\/em>ocidental e na esperan\u00e7a que ele avan\u00e7asse para o&nbsp;<em>front<\/em>&nbsp;oriental sobre os povos eslavos, que faziam parte da esfera de influ\u00eancia sovi\u00e9tica.<\/p>\n<p>\n\n\n\n<\/p>\n<p>Percebendo a relut\u00e2ncia ocidental em se envolver belicamente contra os fascistas, as pot\u00eancias centrais aproveitaram para desprezar a mutila\u00e7\u00e3o territorial sofrida com o Tratado de Versalhes. O Reino da It\u00e1lia invadiu o Reino da Alb\u00e2nia em abril de 1939, proporcionando uma cabe\u00e7a de ponte para a campanha italiana nos B\u00e1lc\u00e3s. O Terceiro Reich, em mar\u00e7o de 1939, anexou o resto da Tchecoslov\u00e1quia e a cidade livre&nbsp;de Danzig (Gdansk, em polon\u00eas) com seu estrat\u00e9gico porto que era controlado pela Sociedade das Na\u00e7\u00f5es. Com o controle sobre Danzig, Hitler fez o movimento de que tomaria o restante da costa da Pol\u00f4nia, ligando a Pr\u00fassia Oriental de volta ao Reich e acabando com o corredor polon\u00eas.<\/p>\n<p>\n\n\n\n<\/p>\n<p>Ao perceber que, dessa vez, as pot\u00eancias ocidentais reagiriam, o Reich resolve apostar suas fichas no&nbsp;<em>front<\/em>ocidental, mas, para isso, precisava assegurar um acordo com o&nbsp;<em>front<\/em>&nbsp;oriental.<\/p>\n<p>\n\n\n\n<\/p>\n<p>A principal aprendizagem estrat\u00e9gica da Primeira Guerra para os alem\u00e3es foi a de n\u00e3o se envolver em uma guerra de duas frentes simultaneamente, mas alternadamente. Para isso, como previsto no Plano Schlieffen, seria necess\u00e1ria uma guerra r\u00e1pida no&nbsp;<em>front<\/em>&nbsp;ocidental antes de concentrar for\u00e7as no&nbsp;<em>front<\/em>&nbsp;oriental.<\/p>\n<p>\n\n\n\n<\/p>\n<p>Adolf Hitler colocou&nbsp;de lado seu anticomunismo e assinou um pacto de n\u00e3o-agress\u00e3o com Josef Stalin, em agosto de 1939. O Pacto Germano-Sovi\u00e9tico ou&nbsp;Ribbentrop-Molotov, que, secretamente, acordava a divis\u00e3o da Pol\u00f4nia entre alem\u00e3es e sovi\u00e9ticos e a anexa\u00e7\u00e3o dos pa\u00edses b\u00e1lticos pelos sovi\u00e9ticos.<\/p>\n<p>\n\n\n\n<\/p>\n<p>Hitler sabia que, para concretizar seus planos&nbsp;de tornar a Alemanha uma superpot\u00eancia global, seria inevit\u00e1vel recorrer \u00e0&nbsp;guerra,&nbsp;pois s\u00f3&nbsp;se conquista esse&nbsp;<em>status<\/em>&nbsp;pela guerra.&nbsp;Em 1\u00ba de setembro de 1939, o Terceiro Reich ocupa, de fato, a Rep\u00fablica da Pol\u00f4nia que ainda separava a Pr\u00fassia Oriental do resto do pa\u00eds. O Reino Unido e a Rep\u00fablica Francesa declaram guerra em&nbsp;3 de setembro de 1939. Come\u00e7ava oficialmente a Segunda Guerra Mundial.<\/p>\n<p><\/p>\n<p>\n\n\n\n<\/p>\n<p><strong>A m\u00e1quina de guerra alem\u00e3 e os \u00eaxitos iniciais do Eixo<\/strong><\/p>\n<p>\n\n\n\n<\/p>\n<p>Como acordado, os sovi\u00e9ticos invadiram a parte da Rep\u00fablica da Pol\u00f4nia que lhes cabia na divis\u00e3o do Pacto Ribbentrop-Molotov e tentaram invadir a Rep\u00fablica da Finl\u00e2ndia, que bravamente resistiu, cedendo parte do seu territ\u00f3rio, mas mantendo sua independ\u00eancia, como retratado no tocante livro&nbsp;<em>Rumo \u00e0 Esta\u00e7\u00e3o Finl\u00e2<\/em><em>ndia<\/em>, de Edmund Wilson.<\/p>\n<p>\n\n\n\n<\/p>\n<p>Para bloquear a chegada de suprimentos, os alem\u00e3es novamente usaram seus tem\u00edveis submarinos&nbsp;<em>U-Boats<\/em>, dando in\u00edcio \u00e0 Guerra do Atl\u00e2ntico, ainda em 1939.&nbsp;<\/p>\n<p>\n\n\n\n<\/p>\n<p>Os franceses, a partir da experi\u00eancia da Primeira Guerra, tinham constru\u00eddo a mais magn\u00edfica trincheira da hist\u00f3ria: a Linha Maginot, com 108 fortes, equidistantes em 15 quil\u00f4metros. Contudo, os franceses n\u00e3o chegaram com a Linha ao Mar do Norte, por escassez de recursos e de tempo, e, tamb\u00e9m, por terem apostado no respeito alem\u00e3o \u00e0 neutralidade belga, que juridicamente n\u00e3o poderia ser atacada, garantindo a inviolabilidade de suas pr\u00f3prias fronteiras. \u00c9 exatamente pelo Reino da B\u00e9lgica que o Reich invade a Rep\u00fablica Francesa.<\/p>\n<p>\n\n\n\n<\/p>\n<p>O sucesso da invas\u00e3o alem\u00e3 se deu pela revolu\u00e7\u00e3o em assuntos militares (RAM) da&nbsp;<em>Blitzkrieg<\/em>, a \u201cguerra rel\u00e2mpago\u201d, formulada pelo general Heinz Wilhelm Guderian. Carros de combate, com apoio de fogo da artilharia do ex\u00e9rcito e da for\u00e7a a\u00e9rea,&nbsp;avan\u00e7avam rapidamente pelo interior do territ\u00f3rio inimigo, chegando depressa aos pontos estrat\u00e9gicos, abrindo espa\u00e7o para a ocupa\u00e7\u00e3o terrestre, deixando os inimigos com baixa capacidade de rea\u00e7\u00e3o.<\/p>\n<p>\n\n\n\n<\/p>\n<p>Dessa forma, em maio de 1940, os alem\u00e3es invadiram o Reino da Noruega, o Reino da Dinamarca, os Pa\u00edses Baixos, o Gr\u00e3o-Ducado de Luxemburgo e finalmente o Reino da B\u00e9lgica por onde chegaram \u00e0 Fran\u00e7a, desbordando a Linha Maginot.<\/p>\n<p>\n\n\n\n<\/p>\n<p>Ao mesmo tempo, o Reino da It\u00e1lia invadia a Rep\u00fablica Francesa pelo sul, em junho de 1940, marcando a entrada das tropas de Mussolini&nbsp;oficialmente na guerra.<\/p>\n<p>\n\n\n\n<\/p>\n<p>Em apenas 46 dias de batalhas, os franceses&nbsp;renderam-se.&nbsp;O marechal Phillipe P\u00e9tain assinou o armist\u00edcio em junho de 1940, em Compi\u00e8gne, no mesmo vag\u00e3o de trem onde os franceses tinham humilhado os alem\u00e3es, obrigando-os a assinar o Tratado de Versalhes, sem nem poderem negociar. \u00c9 o fim da Terceira Rep\u00fablica Francesa e o in\u00edcio da vergonhosa Fran\u00e7a de Vichy, governo aut\u00f3ctone do centro-sul&nbsp;franc\u00eas, colaboracionista dos nazistas. Ao mesmo tempo, em Londres, o general Charles de Gaulle estava iniciando a resist\u00eancia francesa com mensagens de r\u00e1dio di\u00e1rias.<\/p>\n<p>\n\n\n\n<\/p>\n<p>Com a ocupa\u00e7\u00e3o de Paris, a divis\u00e3o da Fran\u00e7a e o armist\u00edcio assinado pelo marechal P\u00e9tain, o dom\u00ednio do Terceiro Reich sobre a Europa Ocidental estava praticamente assegurado, uma vez que restavam apenas pa\u00edses aliados, dominados ou, no m\u00e1ximo, neutros \u2013 sendo os mais expressivos a Confedera\u00e7\u00e3o Su\u00ed\u00e7a, o Reino da Su\u00e9cia, o Estado Novo Portugu\u00eas e o Reino da Espanha, tamb\u00e9m sob regime fascista. Evidentemente, as col\u00f4nias francesas passaram a ter forte influ\u00eancia do III Reich. O filme&nbsp;<em>Casablanca<\/em>&nbsp;ilustra bem esse per\u00edodo.&nbsp;<\/p>\n<p>\n\n\n\n<\/p>\n<p>Diante deste cen\u00e1rio, bastava os alem\u00e3es atravessarem o canal da Mancha, para selarem a domina\u00e7\u00e3o sobre o Reino Unido e se apropriarem dos seus preciosos recursos financeiros e das suas poderosas ind\u00fastrias. Seria o pleno dom\u00ednio alem\u00e3o sobre a Europa Ocidental.<\/p>\n<p>\n\n\n\n<\/p>\n<p>A partir de julho de 1940, utilizando o territ\u00f3rio franc\u00eas como cabe\u00e7a de ponte a\u00e9rea, o Reich alem\u00e3o come\u00e7ou uma batalha a\u00e9rea para invadir o Reino Unido: a Batalha da Inglaterra, que durou at\u00e9 outubro de 1940, com eventuais ataques ainda em 1941. A&nbsp;<em>Luftwaffe<\/em>&nbsp;bombardeou intensamente a Gr\u00e3-Bretanha, que tentava ca\u00e7ar os avi\u00f5es inimigos com a&nbsp;<em>Royal Air Force<\/em>. De junho de 1944 a mar\u00e7o de 1945, o Reich lan\u00e7ou o primeiro m\u00edssil da hist\u00f3ria, a bomba voadora&nbsp;<em>Vergeltungswaffe 1<\/em>, a V1, ou&nbsp;<em>Arma da Vingan<\/em><em>\u00e7a 1<\/em>, lan\u00e7ando 8.000 delas apenas sobre Londres; tendo logo desenvolvido e lan\u00e7ado a V2, primeiro m\u00edssil bal\u00edstico, atingindo as camadas mais altas da atmosfera e efetuando voo suborbital usando as propriedades da gravidade para se alcan\u00e7ar longas dist\u00e2ncias.&nbsp;<\/p>\n<p>\n\n\n\n<\/p>\n<p>A experi\u00eancia da&nbsp;<em>Luftwaffe<\/em>&nbsp;em apoio \u00e0&nbsp;alian\u00e7a nacionalista \u2013 que reunia falangistas, monarquistas e carlistas sob a lideran\u00e7a do general Francisco Franco \u2013 na Guerra Civil Espanhola (1936-1939) foi essencial para&nbsp;a estrat\u00e9gia a\u00e9rea alem\u00e3 na Segunda Guerra. O epis\u00f3dio do bombardeio a\u00e9reo da&nbsp;<em>Luftwaffe<\/em>&nbsp;\u00e0 cidade de Guernica, em 1937, ficou registrado no quadro \u201cGuernica\u201d, de Pablo Picasso.<\/p>\n<p>\n\n\n\n<\/p>\n<p>O trabalho da&nbsp;<em>Royal Air Force<\/em>&nbsp;prosperou gra\u00e7as ao desenvolvimento tecnol\u00f3gico do radar que acionava a esquadrilha brit\u00e2nica antes que a&nbsp;<em>Luftwaffe<\/em>&nbsp;chegasse ao espa\u00e7o a\u00e9reo cont\u00edguo ao territ\u00f3rio insular. O bombardeio alem\u00e3o de alvos civis estava minando o moral dos brit\u00e2nicos e poderia ter levado \u00e0 rendi\u00e7\u00e3o.<\/p>\n<p>\n\n\n\n<\/p>\n<p>Conforme ressaltado na introdu\u00e7\u00e3o, o artigo&nbsp;n\u00e3o vai cair na armadilha da velha historiografia&nbsp;<em>\u00e9v\u00e9<\/em><em>nementielle<\/em>, no qual os rumos da hist\u00f3ria seriam definidos exclusivamente pelas decis\u00f5es dos grandes l\u00edderes. Pierre Renouvin e Jean-Baptiste Duroselle, em&nbsp;<em>Introdu<\/em><em>\u00e7\u00e3o \u00e0&nbsp;<\/em><em>Hist<\/em><em>\u00f3ria das Rela\u00e7\u00f5es Internacionais<\/em>, apresentam as for\u00e7as profundas que moldam as din\u00e2micas internacionais: fatores geogr\u00e1ficos, demogr\u00e1ficos, econ\u00f4micos e financeiros e o sentimento nacional, que revela ao mesmo tempo o \u00e2nimo coletivo bem como a mentalidade de seus estadistas, que n\u00e3o poderia ser negligenciada. Ent\u00e3o, em certa medida, a presen\u00e7a de l\u00edderes carism\u00e1ticos utilizando meios de comunica\u00e7\u00e3o de massa, para, deliberadamente, fazer propaganda para mobilizar o inconsciente coletivo da popula\u00e7\u00e3o, teve, sim, um papel relevante para o desfecho do conflito.<\/p>\n<p>\n\n\n\n<\/p>\n<p>Em 1940, ap\u00f3s a r\u00e1pida e humilhante derrota da Fran\u00e7a, o plano de domina\u00e7\u00e3o mundial do Terceiro Reich nunca esteve t\u00e3o perto de se concretizar. Nessa hora, a personalidade e as convic\u00e7\u00f5es de Winston Churchill foram determinantes para que o Reino Unido n\u00e3o tomasse a decis\u00e3o que parecia a mais f\u00e1cil no momento: realizar um acordo com a Alemanha.&nbsp;<\/p>\n<p>\n\n\n\n<\/p>\n<p>Churchill, a despeito da press\u00e3o de v\u00e1rios membros da elite pol\u00edtica inglesa, optou pelo caminho mais dif\u00edcil, mantendo-se firme na resist\u00eancia contra a expans\u00e3o do nazismo \u201cse necess\u00e1rio por anos, se necess\u00e1rio sozinho\u201d, como expresso no c\u00e9lebre pronunciamento proferido no dia 4 de junho de 1940. Essa ousada e custosa pol\u00edtica de defesa provou-se a estrat\u00e9gia correta.&nbsp;<\/p>\n<p>\n\n\n\n<\/p>\n<p>Como a mem\u00f3ria prioriza a narrativa dos vencedores, a decis\u00e3o de resistir at\u00e9 o \u00faltimo homem foi celebrada como parte da mente brilhante do grande estrategista Winston Churchill. Tivesse perdido a guerra, Churchill seria retratado como o falastr\u00e3o alco\u00f3latra, racista e mis\u00f3gino que levou \u00e0 morte seu povo, quando ainda tinha a chance de um acordo minimamente razo\u00e1vel. O Imperador japon\u00eas tamb\u00e9m tomou a mesma decis\u00e3o de resistir \u00e0 rendi\u00e7\u00e3o e viu seu pa\u00eds arrasado por duas bombas at\u00f4micas, sendo retratado como um l\u00edder s\u00e1dico, criminoso de guerra e desvinculado do seu povo. A \u00eanfase nas personalidades dos l\u00edderes&nbsp;\u00e9 muitas vezes enganosa.&nbsp;<\/p>\n<p>\n\n\n\n<\/p>\n<p>Os fatores materiais tamb\u00e9m n\u00e3o explicam tudo. As pot\u00eancias aliadas sempre tiveram, desde o in\u00edcio da guerra, mais tropas, mais equipamentos, mais acesso a recursos estrat\u00e9gicos e a vantagem t\u00e1tica de estarem na defensiva, ainda assim, parecia que as pot\u00eancias do Eixo&nbsp;venceriam a guerra,&nbsp;em 1942. O t\u00edtulo do filme biogr\u00e1fico de Churchill&nbsp;\u201cO Destino de uma Na\u00e7\u00e3o\u201d, talvez inconscientemente, revele que, muitas vezes, o acaso pode determinar o resultado da guerra, conforme as tramas tra\u00e7adas pelas moiras do destino. Quando se come\u00e7a uma guerra, a sorte est\u00e1 lan\u00e7ada (<em>alea jacta est<\/em>).<\/p>\n<p>\n\n\n\n<\/p>\n<p>Mussolini queria conquistar os B\u00e1lc\u00e3s e o Norte da \u00c1frica, a regi\u00e3o do Magreb, e , para isso, lan\u00e7ou seu pa\u00eds em um projeto expansionista que citava as gl\u00f3rias do Imp\u00e9rio Romano. Na campanha dos B\u00e1lc\u00e3s, o Reino da It\u00e1lia tentou invadir o Reino da Gr\u00e9cia em outubro de 1940, mas teve que voltar para o Reino da Alb\u00e2nia. Em abril de 1941, os alem\u00e3es e os b\u00falgaros enviaram refor\u00e7os para invadirem simultaneamente e com sucesso os Reinos da Iugosl\u00e1via e da Gr\u00e9cia, com a tomada da estrat\u00e9gica ilha de Creta, no Mediterr\u00e2neo.<\/p>\n<p>\n\n\n\n<\/p>\n<p>Na campanha no Norte da&nbsp;\u00c1frica, as tropas de Mussolini, juntamente \u00e0 L\u00edbia italiana, em junho de 1940, tentaram invadir o Reino do Egito para tomar o Canal de Suez, mas a invas\u00e3o foi mal-sucedida. Essa campanha era fundamental para garantir acesso a petr\u00f3leo, para bloquear a fonte de suprimento log\u00edstico e para impedir poss\u00edveis desembarques dos Aliados pelo Mar Mediterr\u00e2neo.&nbsp;<\/p>\n<p>\n\n\n\n<\/p>\n<p>O Reich decide assumir tamb\u00e9m a Guerra no Deserto, enviando a for\u00e7a expedicion\u00e1ria&nbsp;<em>Afrika Korps<\/em>, comandada pelo marechal Erwin Rommel, que durou de junho de 1940 a maio de 1943. As campanhas aconteceram em territ\u00f3rio eg\u00edpcio, l\u00edbio, tunisiano, argelino e marroquino. Do lado aliado, lutaram americanos e brit\u00e2nicos, auxiliados pela&nbsp;<em>Commonwealth&nbsp;<\/em>brit\u00e2nica: a&nbsp;comunidade composta por&nbsp;Austr\u00e1lia, Nova Zel\u00e2ndia, \u00cdndia, Uni\u00e3o Sul-Africana e Rod\u00e9sia do Sul (atual Zimbabwe).<\/p>\n<p>\n\n\n\n<\/p>\n<p>A forma\u00e7\u00e3o do Eixo Roma-Berlim-T\u00f3quio havia sido&nbsp;oficializada com a assinatura do Pacto Tripartite entre o Terceiro Reich, o Reino da It\u00e1lia e o Imp\u00e9rio do Jap\u00e3o, em setembro de 1940, com a posterior inclus\u00e3o do Reino da Hungria, da Rep\u00fablica da Eslov\u00e1quia , do Reino da Rom\u00eania e do Reino da Bulg\u00e1ria, em 1941.<\/p>\n<p>\n\n\n\n<\/p>\n<p>Diante da resist\u00eancia inglesa na Batalha da Inglaterra e da incompet\u00eancia da ofensiva militar italiana nos B\u00e1lc\u00e3s e no Magreb, o Reich precisou buscar recursos a Leste, o que o obrigou a quebrar o Pacto Ribbentrop-Molotov e a invadir a Uni\u00e3o Sovi\u00e9tica, o que era uma inten\u00e7\u00e3o dos nazistas, mas n\u00e3o naquele contexto.&nbsp;<\/p>\n<p>\n\n\n\n<\/p>\n<p><strong><br><\/strong><\/p><p><strong>Do triunfalismo&nbsp;<\/strong><strong>\u00e0 preocupa\u00e7\u00e3<\/strong><strong>o: A URSS resiste<\/strong><\/p>\n<p>\n\n\n\n<\/p>\n<p>\u00c9 nesse momento que entrou em cena o papel de Josef Stalin, determinado a n\u00e3o deixar o pa\u00eds cair nas m\u00e3os de Hitler, ao conduzir \u2013 com alt\u00edssimo custo humano&nbsp;\u2013 a heroica contraofensiva do Ex\u00e9rcito Vermelho. Dos cerca de 20 milh\u00f5es de soldados mortos em batalhas durante a Segunda Guerra, a metade foi de militares russos. O Ex\u00e9rcito Vermelho pagou o maior tributo de sangue para garantir a vit\u00f3ria dos Aliados e os planos quinquenais, conduzidos com sucesso at\u00e9 ent\u00e3o, tiveram que ser interrompidos.<\/p>\n<p>\n\n\n\n<\/p>\n<p>Em junho de 1941, a Opera\u00e7\u00e3o Barbarossa se iniciou, com a invas\u00e3o da Uni\u00e3o Sovi\u00e9tica pelo Reich. Os territ\u00f3rios russo e do Leste&nbsp;Europeu eram o espa\u00e7o vital ideal para a coloniza\u00e7\u00e3o alem\u00e3. Os eslavos seriam dizimados e reduzidos a mera m\u00e3o-de-obra servil em projetos conduzidos pelos alem\u00e3es, que migrariam para colonizar e fertilizar de arianos o&nbsp;<em>heartland<\/em>. O termo eslavo foi a origem etimol\u00f3gica das palavras:&nbsp;<em>slave<\/em>,&nbsp;<em>esclavo<\/em>, escravo.<\/p>\n<p>\n\n\n\n<\/p>\n<p>Em 1904, na Real Sociedade Geogr\u00e1fica de Londres, Halford Mackinder lan\u00e7ou o artigo&nbsp;<em>O Pivot Geogr\u00e1fico da Hist\u00f3ria<\/em>, em que defendia que o controle do&nbsp;<em>heartland&nbsp;<\/em>permitiria controlar o mundo. O cora\u00e7\u00e3o do mundo seria as f\u00e9rteis \u00e1reas agr\u00edcolas e ricas em recursos estrat\u00e9gicos que se estendem do Leste&nbsp;Europeu&nbsp;at\u00e9 a plan\u00edcies centrais russas e centro-asi\u00e1ticas. O desenvolvimento de ferrovias nessa vasta plan\u00edcie nas latitudes afortunadas permitiria a r\u00e1pida mobiliza\u00e7\u00e3o de tropas e de recursos materiais para resistir ao ataque naval maci\u00e7o dos brit\u00e2nicos a algum porto estrat\u00e9gico russo.&nbsp;<\/p>\n<p>\n\n\n\n<\/p>\n<p>Na vis\u00e3o de Mackinder, geopol\u00edtico brit\u00e2nico, a vantagem desproporcional da Armada brit\u00e2nica estava com seus dias contados. Makinder temia que uma alian\u00e7a entre os recursos estrat\u00e9gicos russos, que controlavam o&nbsp;<em>heartland<\/em>, com a capacidade industrial alem\u00e3, criasse um grande imp\u00e9rio global, com os alem\u00e3es controlando o Ocidente e os russos o Oriente. O Plano Schlieffen mostrou que os alem\u00e3es n\u00e3o cogitavam um imp\u00e9rio com dois centros. A estrat\u00e9gia alem\u00e3 sempre envolveu dominar os eslavos, embora o Pacto Germano-Sovi\u00e9tico tenha assombrado o mundo em agosto de 1939.<\/p>\n<p>\n\n\n\n<\/p>\n<p>Com um m\u00eas de campanha, a&nbsp;<em>Wehrmacht<\/em>, o Ex\u00e9rcito&nbsp;alem\u00e3o, j\u00e1 tinha adentrado 800 quil\u00f4metros em territ\u00f3rio russo. O Ex\u00e9rcito Vermelho sofreu v\u00e1rios massacres terr\u00edveis, como na Batalha de Minsk e na Batalha de Kiev. Os alem\u00e3es chegaram a ficar a 40 quil\u00f4metros de Moscou, mas os russos adotaram a estrat\u00e9gia de terra arrasada para destruir qualquer meio de subsist\u00eancia que pudesse servir aos invasores, como j\u00e1 tinham feito quando das invas\u00f5es napole\u00f4nicas. Com isso, os alem\u00e3es se concentraram em outras duas grandes cidades: Leningrado (S\u00e3o Petersburgo) e Stalingrado (atual Volgogrado, \u00e0s margens do rio Volga).<\/p>\n<p>\n\n\n\n<\/p>\n<p>O cerco a Leningrado durou 900 dias, de 8 de setembro de 1941 at\u00e9 27 de janeiro de 1944. Os alem\u00e3es cortaram as linhas telef\u00f4nicas, a energia el\u00e9trica, o aquecimento \u00e0 g\u00e1s e bloquearam as estradas que poderiam levar suprimentos. Milhares de pessoas morriam diariamente. Comiam-se animais de estima\u00e7\u00e3o, pombos e houve&nbsp;epis\u00f3dios&nbsp;de&nbsp;canibalismo.<\/p>\n<p>\n\n\n\n<\/p>\n<p>O cerco a Stalingrado come\u00e7ou em 17 de julho de 1942 e durou at\u00e9 2 de fevereiro de 1943, em constante e sangrenta batalha. Na verdade, a Batalha de Stalingrado foi a mais sangrenta da hist\u00f3ria, com quase 2 milh\u00f5es de mortos e mutilados de ambos os lados. O cerco parecia ser a derrocada sovi\u00e9tica. Novamente, o \u201cgeneral inverno\u201d, aliado \u00e0&nbsp;estrat\u00e9gia de \u201cterra arrasada\u201d, com tropas sovi\u00e9ticas motivadas a n\u00e3o se tornarem servos dos alem\u00e3es, fizeram com que a sorte da campanha virasse.&nbsp;<\/p>\n<p>\n\n\n\n<\/p>\n<p>Domenico Losurdo cita os di\u00e1rios de Goebbels, em que o dirigente nazista vai passando de um triunfalismo pleno \u00e0 preocupa\u00e7\u00e3o, quando come\u00e7a a receber informa\u00e7\u00f5es sobre extensas linhas ferrovi\u00e1rias n\u00e3o mapeadas e sucessivos ataques de avi\u00f5es cuja exist\u00eancia era desconhecida. O isolamento da URSS havia criado essa falta de informa\u00e7\u00f5es. Posteriormente, a chegada de tropas sovi\u00e9ticas, antes acantonadas no Extremo Oriente, pela ferrovia Transiberiana, em uniformes brancos, impactou profundamente as tropas de Hitler.&nbsp;<\/p>\n<p>\n\n\n\n<\/p>\n<p>\u00c9 caracter\u00edstica permanente da guerra o acaso como dizia Carl von&nbsp;Clausewitz,&nbsp;ou fortuna como dizia Nicolau Maquiavel. Ningu\u00e9m sabe de antem\u00e3o o resultado de um conflito \u201csob a n\u00e9voa da guerra\u201d. Em 2 de fevereiro de 1943, os russos venceram a batalha, romperam o cerco a Stalingrado e come\u00e7aram a campanha vitoriosa que levaria \u00e0 derrota dos alem\u00e3es.<\/p>\n<p>\n\n\n\n<\/p>\n<p><strong><br><\/strong><\/p>\n<p><strong>O teatro de opera\u00e7\u00f5es do Pac\u00ed<\/strong><strong>fico<\/strong><\/p>\n<p>\n\n\n\n<\/p>\n<p>O Imp\u00e9rio do Jap\u00e3o tinha a mesma postura expansionista com base nos mesmos discursos racistas e no mesmo conceito estrat\u00e9gico do&nbsp;<em>lebensraum.<\/em>&nbsp;Os japoneses j\u00e1 tinham invadido a Manch\u00faria em 1931 e, em 1932, criaram o Estado fantoche (<em>puppet State<\/em>) do&nbsp;<em>Manchukuo<\/em>, colocando no poder Pu Yi, o \u00faltimo imperador chin\u00eas. Pu Yi foi for\u00e7ado a abdicar do trono, em 1912, ap\u00f3s a Revolu\u00e7\u00e3o Xinhai, que proclamou a Rep\u00fablica da China, derrubando a dinastia Qing, no poder desde 1644. A dinastia Qing n\u00e3o contava mais com o apoio popular, tendo perdido simbolicamente o \u201cMandato do C\u00e9u\u201d do Imp\u00e9rio do Meio.<\/p>\n<p>\n\n\n\n<\/p>\n<p>&nbsp;De 1937 a 1945, teve lugar a Segunda Guerra Sino-Japonesa. Em julho de 1937, o Imp\u00e9rio do Jap\u00e3o invadiu Pequim,&nbsp;Xanghai e Nanquim, que era a capital \u00e0 \u00e9poca. Os japoneses controlavam as principais cidades portu\u00e1rias chinesas, mas o campo era defendido por guerrilheiros comunistas. Em novembro de 1939 e em agosto de 1940, nacionalistas e comunistas chineses iniciaram uma contraofensiva. Comunistas e nacionalistas chineses estavam em guerra civil desde 1927, interrompida pelo inimigo comum, e resolvida em 1949, com a vit\u00f3ria do Partido Comunista Chin\u00eas.<\/p>\n<p>\n\n\n\n<\/p>\n<p>Essa foi a maior guerra da hist\u00f3ria da \u00c1sia. Cerca de 20 milh\u00f5es de civis e 4 milh\u00f5es de soldados japoneses e chineses morreram. Foi na Segunda Guerra Sino-Japonesa que os japoneses perpetraram o \u201cholocausto chin\u00eas\u201d. O comportamento do Imp\u00e9rio do Jap\u00e3o na Pen\u00ednsula Coreana, sua col\u00f4nia desde 1910 \u2013&nbsp;embora o imperador coreano n\u00e3o tenha assinado o acordo imposto pelos japoneses \u2013, tamb\u00e9m j\u00e1 tinha imposto \u00e0 regi\u00e3o um regime de terror.<\/p>\n<p>\n\n\n\n<\/p>\n<p>Em 1940, os japoneses ocuparam diversas col\u00f4nias europeias: a Birm\u00e2nia Brit\u00e2nica (Rep\u00fablica do Myanmar, desde o golpe militar de 1988), a Mal\u00e1sia Brit\u00e2nica (atual Rep\u00fablica da Mal\u00e1sia), Singapura (cidade-Estado insular, separada&nbsp;por uma ponte da Mal\u00e1sia, que, na pr\u00e1tica,&nbsp;\u00e9 um enclave ocidental no Mar do Sul da China, embora seja independente desde 1965), Hong Kong (protetorado brit\u00e2nico que s\u00f3 voltou para a China em 1997), a Indochina Francesa (que envolvia os antigos Reinos da Tail\u00e2ndia, do Camboja, do Laos e o Vietn\u00e3: col\u00f4nias de Cochinchina-Annam-Tonkin), as \u00cdndias Orientais Holandesas (atual Rep\u00fablica da Indon\u00e9sia), as Filipinas (protetorado norte-americano desde o fim da Guerra Hispano-Americana, em 1898), al\u00e9m de importantes bases navais insulares essenciais para qualquer dom\u00ednio imperialista sobre o Oceano Pac\u00edfico, fosse o imperialismo americano, fosse o imperialismo nip\u00f4nico.&nbsp;<\/p>\n<p>\n\n\n\n<\/p>\n<p>Assim como nos B\u00e1lc\u00e3s e no Leste Europeu, v\u00e1rios pa\u00edses do Sudeste Asi\u00e1tico, depois da Segunda Guerra Mundial, entraram em guerra civil, convertendo alguns reinos em rep\u00fablicas; sendo algumas rep\u00fablicas promulgadas soborienta\u00e7\u00e3o comunista, como Coreia, Birm\u00e2nia, Camboja, Laos e Vietn\u00e3.&nbsp;<\/p>\n<p>\n\n\n\n<\/p>\n<p>At\u00e9 junho de 1941, os Estados Unidos forneciam a maior parte do a\u00e7o e do petr\u00f3leo consumido pelo Imp\u00e9rio Japon\u00eas, contrariando sua declara\u00e7\u00e3o de neutralidade, embora tamb\u00e9m apoiasse a China nacionalista, lucrando nas duas pontas da guerra. Com o avan\u00e7o japon\u00eas sobre o Pac\u00edfico, os americanos impuseram um embargo comercial contra os japoneses e exigiram, tamb\u00e9m, que o Imp\u00e9rio do Jap\u00e3o recuasse, retirando suas tropas de bases estrat\u00e9gicas.&nbsp;<\/p>\n<p>\n\n\n\n<\/p>\n<p>Durante muito tempo, as lideran\u00e7as pol\u00edticas norte-americanas preferiam manter o dom\u00ednio inconteste no Hemisf\u00e9rio Ocidental: as Am\u00e9ricas, afastando-se do conflituoso cen\u00e1rio europeu e asi\u00e1tico. O Oceano Atl\u00e2ntico e o Oceano Pac\u00edfico davam o distanciamento geogr\u00e1fico necess\u00e1rio, para que os americanos pudessem continuar com sua pol\u00edtica externa isolacionista, que lhes rendia muitos lucros com empr\u00e9stimos e com a venda de material b\u00e9lico, de suprimentos, de alimentos para as partes envolvidas em conflitos armados.&nbsp;<\/p>\n<p>\n\n\n\n<\/p>\n<p><strong><br><\/strong><\/p>\n<p><strong>Os Estados Unidos da Am\u00e9rica: entre a neutralidade e a a\u00e7\u00e3o<\/strong><\/p>\n<p>\n\n\n\n<\/p>\n<p>&nbsp;O in\u00edcio formal da guerra em setembro de 1939 fez com que os Estados Unidos formalizassem sua condi\u00e7\u00e3o de neutralidade, o que lhes impedia de vender material b\u00e9lico e de conceder empr\u00e9stimos para qualquer um dos lados, embora violassem o tempo todo os impedimentos de tal condi\u00e7\u00e3o.&nbsp;<\/p>\n<p>\n\n\n\n<\/p>\n<p>Desde 1939,&nbsp;os Estados Unidos, estrategicamente, apresavam navios, confiscavam bens e congelavam todo o dinheiro presente nos bancos americanos que pertenciam aos pa\u00edses do Eixo e aos pa\u00edses invadidos pelas pot\u00eancias centrais, estrangulando-os financeiramente, ao mesmo tempo em que mantinham sua oportuna neutralidade.<\/p>\n<p>\n\n\n\n<\/p>\n<p>Os Estados Unidos observavam com preocupa\u00e7\u00e3o os v\u00ednculos da Alemanha com os pa\u00edses ao Sul do Rio Grande. O III Reich estava se tornando importante parceiro comercial da Am\u00e9rica Latina, mediante vantajoso com\u00e9rcio compensado, que promovia a permuta de mat\u00e9ria-prima por bens industriais, com c\u00e2mbio negociado em uma bolsa de compensa\u00e7\u00f5es conveniente para os latinos, acostumados com tratados desiguais, onde seus produtos prim\u00e1rios sofriam com a deteriora\u00e7\u00e3o dos termos de troca, que impedia os pa\u00edses latino-americanos de auferirem divisas suficientes para adquirirem estrat\u00e9gicos produtos industrializados ingleses e norte-americanos. Os estadistas norte-americanos estavam especialmente preocupados com o grande entusiasmo argentino com o nazismo e com a dimens\u00e3o alem\u00e3 no governo brasileiro, composto por lideran\u00e7as german\u00f3filas. No caso brasileiro, o Reich j\u00e1 tinha se tornado o maior parceiro comercial do Brasil, em 1938, que era tamb\u00e9m o pa\u00eds com a principal col\u00f4nia germ\u00e2nica no hemisf\u00e9rio \u00e0 \u00e9poca.<\/p>\n<p>\n\n\n\n<\/p>\n<p>Em dezembro de 1940, o presidente norte-americano Franklin Delano Roosevelt declarou que os Estados Unidos seriam o&nbsp;\u201carsenal da democracia\u201d, o que causou resist\u00eancia dos congressistas isolacionistas. Em mar\u00e7o de 1941, Roosevelt, contrariando as elites pol\u00edticas da \u00e9poca, faz uma manobra jur\u00eddica, criando o&nbsp;<em>Lend-Lease Act<\/em>, como um ato de defesa para garantir que nenhum conflito chegasse aos EUA. O programa, supostamente, n\u00e3o romperia a condi\u00e7\u00e3o de neutralidade e n\u00e3o seria uma declara\u00e7\u00e3o de guerra ao Eixo. Os principais beneficiados pelo programa foram o Reino Unido, a Fran\u00e7a Livre, a Uni\u00e3o Sovi\u00e9tica e a Rep\u00fablica da China.&nbsp;<\/p>\n<p>\n\n\n\n<\/p>\n<p>Em 1941, um documento fundamental para o desenvolvimento do conflito mundial foi redigido: a Carta do Atl\u00e2ntico, divulgada em 14 de agosto, assinada por Roosevelt e&nbsp;&nbsp;Churchill, prevendo o mundo p\u00f3s-derrota nazista. Continha importantes pontos: Estados Unidos e Reino Unido n\u00e3o buscariam nenhum ganho territorial ap\u00f3s a guerra; os ajustes territoriais deveriam estar em conformidade com as demandas dos povos afetados; as pot\u00eancias vencedoras reconheceriam o direito \u00e0 auto-determina\u00e7\u00e3o dos povos; as barreiras comerciais deveriam ser abandonadas; os mares teriam livre navega\u00e7\u00e3o; as pot\u00eancias agressoras seriam desarmadas; e regimes internacionais seriam elaborados para a coopera\u00e7\u00e3o econ\u00f4mica global e o bem-estar social dos povos.<\/p>\n<p>\n\n\n\n<\/p>\n<p>V\u00ea-se, no direito \u00e0 auto-determina\u00e7\u00e3o dos povos, a posi\u00e7\u00e3o americana em favor da dissolu\u00e7\u00e3o dos imp\u00e9rios europeus e da independ\u00eancia de suas col\u00f4nias. Com a exclus\u00e3o das barreiras comerciais, os americanos j\u00e1 configuravam a arquitetura ideal para garantir o acesso livre aos recursos de todos os Estados, os do presente e os que viessem a surgir com a descoloniza\u00e7\u00e3o que se queria promover.<\/p>\n<p>\n\n\n\n<\/p>\n<p>Apesar de estarem arquitetando a ordem do p\u00f3s-guerra, os EUA ainda estavam neutros, pelo menos at\u00e9 o ataque japon\u00eas a Pearl Harbour, em dezembro de 1941.<\/p>\n<p>\n\n\n\n<\/p>\n<p>O Imp\u00e9rio do Jap\u00e3o, sem o campo chin\u00eas e com o boicote do a\u00e7o e do petr\u00f3leo americano, lan\u00e7ou m\u00e3o de sua arriscada ofensiva, para controlar os recursos estrat\u00e9gicos e humanos do Pac\u00edfico. Em 7 dezembro de 1941,&nbsp;<em>kamikazes<\/em>japoneses atacaram a distante base naval de Pearl Harbour.&nbsp;<\/p>\n<p>\n\n\n\n<\/p>\n<p>Como parte do Acordo Tripartite, o Eixo declarou guerra aos Estados Unidos em 11 de dezembro de 1941. Os Estados Unidos finalmente entraram na Segunda Guerra Mundial. A chegada das tropas estadunidenses em diferentes&nbsp;<em>fronts<\/em>, a partir de 1942, marcou o in\u00edcio da virada da guerra em favor das pot\u00eancias aliadas.<\/p>\n<p>\n\n\n\n<\/p>\n<p>No teatro de opera\u00e7\u00f5es do Pac\u00edfico, a Armada japonesa passou a ser destru\u00edda nas batalhas aeronavais. A virada Aliada se d\u00e1 nas batalhas do Mar de Coral, em maio de 1942; e de Midway, em junho de 1942. A derrota japonesa fica clara nas batalhas do Mar das Filipinas, em junho de 1944; de Iwo Jima e de Okinawa, em fevereiro e mar\u00e7o de 1945.<\/p>\n<p>\n\n\n\n<\/p>\n<p>No continente, a partir de abril de 1945, os chineses conseguem importantes e surpreendentes vit\u00f3rias, expulsando os japoneses em&nbsp;agosto de 1945, ap\u00f3s sete anos de ocupa\u00e7\u00e3o.<\/p>\n<p>\n\n\n\n<\/p>\n<p>Os americanos, sob comando do general Curtis LeMay, destru\u00edram as principais cidades japonesas e praticamente todas as suas ind\u00fastrias,&nbsp;com os bombardeiros B-29. Al\u00e9m disso, os americanos colocaram minas navais na costa naveg\u00e1vel do Jap\u00e3o. Harry Truman, Winston Churcill e Chiang Kai-Shek (general l\u00edder da China Nacionalista) exigiram a rendi\u00e7\u00e3o incondicional do Imp\u00e9rio do Jap\u00e3o. Como n\u00e3o foram obedecidos, os americanos, para completar, detonaram as bombas at\u00f4micas de Hiroshima e Nagasaki, em 6 e 9 de agosto de 1945.<\/p>\n<p>\n\n\n\n<\/p>\n<p>A rendi\u00e7\u00e3o japonesa s\u00f3 veio depois do sucesso sovi\u00e9tico na campanha de retomada da Manch\u00faria e do norte da Coreia. Os russos tamb\u00e9m n\u00e3o queriam enfrentar a Alemanha de um lado e o Jap\u00e3o do outro lado. O pacto nip\u00f4nico-sovi\u00e9tico de 1941 resguardava 11 anos de neutralidade entre os dois pa\u00edses, mas os russos romperam o pacto e iniciaram a campanha no&nbsp;<em>front<\/em>&nbsp;oriental em 7 de agosto de 1945 e j\u00e1 estavam na imin\u00eancia da invas\u00e3o do arquip\u00e9lago nip\u00f4nico. No dia 15 de agosto de 1945, em uma transmiss\u00e3o radiof\u00f4nica, o povo japon\u00eas pela primeira vez ouvia a voz de um imperador. Contrariando os generais japoneses, que preferiam lutar at\u00e9 morrer a aceitar a desonra da rendi\u00e7\u00e3o incondicional, o imperador Hirohito aceitava a rendi\u00e7\u00e3o, ante a amea\u00e7a de extin\u00e7\u00e3o da na\u00e7\u00e3o japonesa.<\/p>\n<p>\n\n\n\n<\/p>\n<p>As bombas at\u00f4micas americanas foram resultado do Projeto Manhattan. Antes mesmo do in\u00edcio da guerra, os Estados Unidos j\u00e1 estavam fazendo uma opera\u00e7\u00e3o de&nbsp;<em>brain drain<\/em><em>&nbsp;<\/em>dos cientistas germ\u00e2nicos perseguidos, dentre eles: Albert Einstein, que assinou uma carta (escrita pelo f\u00edsico h\u00fangaro, radicado nos EUA, Le\u00f3 Szil\u00e1rd) a Roosevelt, em agosto de 1939, alertando sobre o perigo da pesquisa sobre a aplica\u00e7\u00e3o militar de material radioativo no Reich, que poderia desenvolver \u201cum novo tipo de bomba extremamente poderosa\u201d. Os Estados Unidos recrutaram esses cientistas para criar o projeto nuclear estadunidense, com apoio tamb\u00e9m do Reino Unido e do Canad\u00e1. Importante registrar que opera\u00e7\u00e3o secreta brit\u00e2nica impediu que, em 1942, os alem\u00e3es se abastecessem de \u00e1gua pesada produzida na usina norueguesa de Vermok, para chegarem a seus pr\u00f3prios artefatos nucleares, bem antes dos americanos.<\/p>\n<p>\n\n\n\n<\/p>\n<p>O&nbsp;\u201csucesso\u201d da empreitada nuclear fez os Estados Unidos acolherem, com honras inclusive, famosos cientistas nazistas, recebendo inclusive aqueles que fizeram experimentos anti\u00e9ticos, para o seu&nbsp;<em>staff<\/em>&nbsp;universit\u00e1rio. Como aconselhava Maquiavel: a moralidade do pr\u00edncipe n\u00e3o deveria se confundir com os interesses do Estado. Assim, por exemplo, Werner Von Braun, o c\u00e9rebro por tr\u00e1s das bombas V1 e V2, foi ajudar no programa espacial dos EUA.<\/p>\n<p>\n\n\n\n<\/p>\n<p>Fosse Hitler a jogar as bombas sobre Londres e Manchester e n\u00e3o se teria d\u00favidas na opini\u00e3o p\u00fablica sobre a sua desumanidade, como foram os vitoriosos norte-americanos, o epis\u00f3dio foi tratado como um mal necess\u00e1rio para p\u00f4r fim \u00e0 guerra. Os generais derrotados foram julgados nos Tribunais de Nuremberg e de T\u00f3quio.<\/p>\n<p>\n\n\n\n<\/p>\n<p>Quase n\u00e3o se fala da ordem de Harry Truman para lan\u00e7ar as bombas nucleares. Quando mencionam a sua decis\u00e3o, sinalizam para a quantidade de vidas que as duas bombas pouparam, ao terem, supostamente, for\u00e7ado a rendi\u00e7\u00e3o japonesa antes de um massacre total. As bombas atingiram o Jap\u00e3o, mas ressoaram ao mundo inteiro quem era a nova pot\u00eancia militar global, que detinha uma arma capaz de acabar com a humanidade. A partir de Hiroshima e Nagasaki, o m\u00e1ximo que se poderia em uma guerra contra os Estados Unidos era empatar, um empate f\u00fanebre, mas empate.&nbsp;<\/p>\n<p>\n\n\n\n<\/p>\n<p>Tamb\u00e9m n\u00e3o \u00e9 citado o plano de Truman de bombardeio nuclear da URSS, em fins dos anos 1940, antes que Stalin tamb\u00e9m tivesse bombas at\u00f4micas. Em 1949, ap\u00f3s intensa espionagem industrial, os sovi\u00e9ticos fazem um teste bem-sucedido de sua bomba at\u00f4mica e o plano americano \u00e9 abolido, conformando a paz armada da Guerra Fria.<\/p>\n<p>\n\n\n\n<\/p>\n<p><strong><br><\/strong><\/p>\n<p><strong>A campanha do Mediterr\u00e2<\/strong><strong>neo<\/strong><\/p>\n<p>\n\n\n\n<\/p>\n<p>Na campanha do Mediterr\u00e2neo, o Reino da It\u00e1lia foi invadido em setembro de 1943. O ex\u00e9rcito brit\u00e2nico, comandado pelo general Bernard Montgomery, e o americano,&nbsp;comandado pelo general Mark Clark, apoiado pela For\u00e7a Expedicion\u00e1ria Brasileira, desembarcam na Sic\u00edlia, para em seguida avan\u00e7arem sobre o sul da pen\u00ednsula italiana, for\u00e7ando a rendi\u00e7\u00e3o alem\u00e3.&nbsp;<\/p>\n<p>\n\n\n\n<\/p>\n<p>Com a derrota, Benito Mussolini foi deposto e preso pelo Conselho de Estado, que celebrou um tratado de paz com os aliados, prevendo que os italianos deveriam declarar guerra ao Reich, fazendo-os virarem a casaca de novo, como na Primeira Guerra.&nbsp;<\/p>\n<p>\n\n\n\n<\/p>\n<p>For\u00e7as Especiais alem\u00e3es resgataram Mussolini da pris\u00e3o para que ele fundasse, com o apoio de Hitler, a Rep\u00fablica Social Italiana, no rico Norte italiano, ainda n\u00e3o ocupado pelos Aliados. A Rep\u00fablica de Sal\u00f3, como ficou conhecida, durou de setembro de 1943 a abril de 1945, quando Mussolini decidiu fugir para a Su\u00ed\u00e7a diante da iminente derrota, mas acabou sendo pego e morto por&nbsp;<em>partigiani<\/em>, guerrilheiros italianos. Seu corpo foi exposto amarrado de cabe\u00e7a para baixo em pra\u00e7a p\u00fablica na rica cidade de Mil\u00e3o.<\/p>\n<p>\n\n\n\n<\/p>\n<p>A Opera\u00e7\u00e3o Rusky de desembarque na Sic\u00edlia foi poss\u00edvel gra\u00e7as ao acordo pr\u00e9vio do governo americano com imigrantes da m\u00e1fia italiana nos Estados Unidos, cujo principal nome era o de Salvatore Lucky Luciano, que teve sua pena de 30 anos, na pr\u00e1tica, revogada. O apoio no desembarque em seu pr\u00f3prio pa\u00eds veio condicionado \u00e0 m\u00e1fia poder usufruir da lavagem de dinheiro feita com jogos de azar nos cassinos de Las Vegas, tendo depois expandido seus investimentos em Cuba, protetorado americano desde 1898, como bem retratou o maravilhoso filme \u201cO Poderoso Chef\u00e3o\u201d.&nbsp;<\/p>\n<p>\n\n\n\n<\/p>\n<p>O acordo do governo americano com a m\u00e1fia revela que, na pr\u00e1tica, ela era uma \u201cinstitui\u00e7\u00e3o\u201d italiana, que continuava operacional, ao passo que o Estado italiano entrara em colapso. Outras duas institui\u00e7\u00f5es italianas&nbsp;que continuaram ativas durante a guerra foram a Igreja Cat\u00f3lica e o Partido Comunista, mas ambos estavam distantes dos interesses do governo de Washington.<\/p>\n<p>\n\n\n\n<\/p>\n<p>Na campanha do Magreb, a virada aliada come\u00e7ou com a vit\u00f3ria brit\u00e2nica e de sua&nbsp;<em>Commonwealth&nbsp;<\/em>na Batalha de El Alamein, em outubro de 1942. Winston Churchill disse \u201cAntes de Alamein nunca tivemos uma vit\u00f3ria, depois de Alamein, nunca tivemos uma derrota\u201d. A manuten\u00e7\u00e3o da posse do Canal de Suez e do Estreito de Gibraltar pelos Aliados durante a guerra impediu os alem\u00e3es de terem acesso ao petr\u00f3leo do Oriente M\u00e9dio e dos suprimentos que vinham das col\u00f4nias da \u00c1frica, da&nbsp;\u00c1sia e das Am\u00e9ricas. As For\u00e7as Armadas&nbsp;t\u00eam dois combust\u00edveis: sangue e petr\u00f3leo. Os pa\u00edses pagam com sangue o petr\u00f3leo que usam diariamente.&nbsp;<\/p>\n<p>\n\n\n\n<\/p>\n<p><strong><br><\/strong><\/p>\n<p><strong>A vit\u00f3<\/strong><strong>ria definitiva<\/strong><\/p>\n<p>\n\n\n\n<\/p>\n<p>No<em>&nbsp;<\/em><em>front<\/em>&nbsp;oriental, na guerra germano-sovi\u00e9tica, os alem\u00e3es n\u00e3o conseguiram o que tanto queriam: o dom\u00ednio sobre o petr\u00f3leo do Campo de Baku, no Azerbaij\u00e3o, no Mar C\u00e1spio. Desde a virada em Stalingrado, os sovi\u00e9ticos lan\u00e7aram a contra-ofensiva com a opera\u00e7\u00e3o Bagration, entre junho e agosto de 1944; a opera\u00e7\u00e3o Vistula-Oder, entre janeiro e fevereiro de 1945; o Levante de Vars\u00f3via, de agosto de 1944; e, finalmente, a Batalha de Berlim, entre 16 de abril e 2 de maio de 1945, quando os sovi\u00e9ticos decretaram a queda de Berlim. A cena foi imortalizada pelo fot\u00f3grafo Yevgeny Khaldei, na qual uma bandeira vermelha (posteriormente alterada com a inclus\u00e3o do bras\u00e3o sovi\u00e9tico) tremula no alto do&nbsp;<em>Reichstag<\/em>, com vista para uma Berlim destru\u00edda e derrotada.<\/p>\n<p>\n\n\n\n<\/p>\n<p>&nbsp;No&nbsp;<em>front<\/em>&nbsp;ocidental, os Aliados prepararam tr\u00eas grandes opera\u00e7\u00f5es aeronavais para retomar o controle territorial das pot\u00eancias ocidentais ocupadas.&nbsp;<\/p>\n<p>\n\n\n\n<\/p>\n<p>Na opera\u00e7\u00e3o&nbsp;<em>Overlord,&nbsp;<\/em>tropas americanas, brit\u00e2nicas e canadenses desembarcaram em cinco praias na regi\u00e3o da Normandia, no dia 6 de junho de 1944, conhecido como o Dia D. Adolf Hitler tinha designado o marechal Erwin Rommel para construir a \u201cMuralha do Atl\u00e2ntico\u201d, uma pesada linha defensiva para proteger a costa continental do Mar do Norte. Mesmo com muita dificuldade, as tropas aliadas conseguiram atravessar o Canal da Mancha e ocuparam o norte da Fran\u00e7a.&nbsp;<\/p>\n<p>\n\n\n\n<\/p>\n<p>Na opera\u00e7\u00e3o&nbsp;<em>Market Garden<\/em>, tropas aliadas, com uso combinado de infantaria blindada com infantaria paraquedista, invadiram os Pa\u00edses Baixos, no dia 17 de setembro de 1944, retomando o controle desse Estado e de suas importantes vias de acesso na Europa Ocidental, e abrindo, assim, o caminho para entrar na Alemanha.<\/p>\n<p>\n\n\n\n<\/p>\n<p>Na opera\u00e7\u00e3o Drag\u00e3o, tropas aliadas, auxiliadas pela Resist\u00eancia Francesa, invadiram com sucesso o&nbsp;sul&nbsp;da Fran\u00e7a, no dia 15 de agosto de 1944, obrigando os alem\u00e3es a recuarem para a Linha Siegfried, a linha defensiva alem\u00e3 espelho da Linha Maginot. Em 25 de agosto de 1944, Paris era libertada do dom\u00ednio nazista. Contrariando as ordens de Hitler, o general alem\u00e3o se rendeu e n\u00e3o destruiu a cidade antes de capitular.&nbsp;<\/p>\n<p>\n\n\n\n<\/p>\n<p>A partir de janeiro de 1945, diversas opera\u00e7\u00f5es aliadas se infiltravam pelo territ\u00f3rio alem\u00e3o rumo a Berlim. Em 30 de abril de 1945, com a chegada dos sovi\u00e9ticos \u00e0s proximidades do&nbsp;<em>bunker<\/em>&nbsp;nazista, Hitler suicida-se. Em 2 de maio de 1945, a guarni\u00e7\u00e3o de Berlim se rende aos russos. No dia 7 de maio de 1945, americanos e brit\u00e2nicos chegaram a Berlim e assinaram a rendi\u00e7\u00e3o incondicional do Terceiro Reich. O acordo passaria a vigorar no dia 8 de maio, mas os l\u00edderes aliados acordaram em anunciar conjuntamente a vit\u00f3ria no dia 9 de maio. Os americanos e os brit\u00e2nicos ignoraram o acordo, anunciaram a grande vit\u00f3ria no dia 8 de maio, mas os russos mantiveram a data comemorativa em 9 de maio. O primeiro&nbsp;<em>V-Day<\/em>&nbsp;(Dia da Vit\u00f3ria), da rendi\u00e7\u00e3o alem\u00e3, \u00e9 no dia 8 de maio e o segundo&nbsp;<em>V-Day<\/em>, da rendi\u00e7\u00e3o japonesa,&nbsp;\u00e9 no dia 15 de agosto. Tanto no&nbsp;<em>front<\/em>&nbsp;ocidental quanto no&nbsp;<em>front<\/em>&nbsp;oriental, os russos deram o xeque-mate, mas foram os americanos e os brit\u00e2nicos quem organizaram o novo tabuleiro do xadrez internacional<\/p>\n<p>\n\n\n\n<\/p>\n<p><strong><br><\/strong><\/p>\n<p><strong>Conclus<\/strong><strong>\u00e3o<\/strong><\/p>\n<p>\n\n\n\n<\/p>\n<p>Ao longo deste artigo, foi poss\u00edvel apresentar alguns dos principais fatos, conflitos e decis\u00f5es de lideran\u00e7as pol\u00edticas que determinaram as origens, os rumos e o desfecho da Segunda Guerra Mundial, abordando diferentes&nbsp;<em>fronts<\/em>, de modo a tornar a an\u00e1lise o mais completa poss\u00edvel dentro dos marcos de um artigo.&nbsp;<\/p>\n<p>\n\n\n\n<\/p>\n<p>Diante da magnitude do conflito,&nbsp;\u00e9&nbsp;evidente que n\u00e3o seria poss\u00edvel esgotar o tema. Existem lacunas e sil\u00eancios ao longo do texto, o que evidentemente n\u00e3o impede a consecu\u00e7\u00e3o do objetivo prim\u00e1rio de tentar realizar a \u00e1rdua tarefa de, entre uma verdadeira infinidade de fatos, realizar a prospec\u00e7\u00e3o e a an\u00e1lise daqueles que seriam os mais relevantes para a compreens\u00e3o daqueles seis anos respons\u00e1veis pela maior e mais sangrenta guerra da hist\u00f3ria da humanidade.<\/p>\n<p>\n\n\n\n<\/p>\n<p>Todo grande conflito internacional costuma abrir espa\u00e7o para a redefini\u00e7\u00e3o da ordem mundial. A Segunda Guerra Mundial, com seus vencedores j\u00e1 definidos, permitiu a constru\u00e7\u00e3o de uma ordem estruturada sobre os valores liberais do Ocidente, todos eles consagrados nas principais institui\u00e7\u00f5es criadas no imediato p\u00f3s-guerra. Se o desfecho desse longo epis\u00f3dio fosse favor\u00e1vel ao Eixo, a distribui\u00e7\u00e3o global de poder seria completamente distinta daquela que conhecemos, assim como os princ\u00edpios que norteiam o sistema internacional.&nbsp;<\/p>\n<p>\n\n\n\n<\/p>\n<p>Conhecer a Segunda Guerra Mundial&nbsp;\u00e9 entender como a vit\u00f3ria aliada moldou o mundo pela constru\u00e7\u00e3o de regimes de governan\u00e7a global por meio do di\u00e1logo permanente entre diferentes atores nos&nbsp;\u00f3rg\u00e3os multilaterais, com a lideran\u00e7a hegem\u00f4nica dos Estados Unidos. Esses regimes criaram normas que n\u00e3o apenas constrangem os Estados mais poderosos, como tamb\u00e9m moldam a mentalidade coletiva das pessoas no interior dos Estados.&nbsp;<\/p>\n<p>\n\n\n\n<\/p>\n<p>Diante do recrudescimento da barb\u00e1rie e de certos sinais de uma nova guerra global, \u00e9 necess\u00e1rio relembrar da trag\u00e9dia da Segunda Guerra Mundial para se evitar a Terceira. \u201cLembrai-vos da guerra\u201d, para defender que o ideal iluminista de busca por valores universais n\u00e3o seja descartado e para garantir que o esfor\u00e7o internacional de concerta\u00e7\u00e3o multilateral n\u00e3o seja desprezado. Somente assim, parece que evitaremos a hecatombe da Terceira Guerra Mundial.<\/p>\n<p>\n\n\n\n<\/p>\n<p><strong><br><\/strong><\/p>\n<p><strong>Refer\u00eancias Bibliogr\u00e1ficas<\/strong><\/p>\n<p>\n\n\n\n<\/p>\n<p>REMOND, Ren\u00e9. Introdu\u00e7\u00e3o \u00e0 hist\u00f3ria do nosso tempo. Lisboa: Gradiva, 2003.<\/p>\n<p>\n\n\n\n<\/p>\n<p>RENOUVIN,&nbsp;Pierre; DUROSELLE,&nbsp;Jean-Baptiste.&nbsp;<em>Introdu\u00e7\u00e3o \u00e0&nbsp;Hist\u00f3ria das Rela\u00e7\u00f5es Internacionais<\/em>. S\u00e3o Paulo: Difus\u00e3o Europeia, 1967.<\/p>\n<p>\n\n\n\n<\/p>\n<p>HOBSBAWM, Eric.&nbsp;<em>A era dos extremos<\/em>: o breve s\u00e9culo XX. S\u00e3o Paulo: Cia das Letras, 1995.<\/p>\n<p>\n\n\n\n<\/p>\n<p>FERGUSON, Niall.&nbsp;<em>A guerra do mundo<\/em>: a era de \u00f3dio na hist\u00f3ria. S\u00e3o Paulo: Planeta, 2015.<\/p>\n<p>\n\n\n\n<\/p>\n<p>SARAIVA, Jos\u00e9 Fl\u00e1vio Sombra.&nbsp;<em>Rela\u00e7\u00f5es Internacionais<\/em>: dois s\u00e9culos de hist\u00f3ria. Bras\u00edlia: IBRI-Funag, 2001.<\/p>\n<p>\n\n\n\n<\/p>\n<p>\n\n\n\n<\/p>\n<p>\n\n\n\n<\/p>\n<p><strong><br><\/strong><\/p>\n<p><strong><br><\/strong><\/p>\n<p><strong>Sobre os autores<\/strong><\/p>\n<p>\n\n\n\n<\/p>\n<p><em><strong>Henrique Paiva<\/strong>&nbsp;\u00e9 doutor em Economia Pol\u00edtica Internacional, pela Universidade Federal do Rio de Janeiro, e professor no Instituto de Rela\u00e7\u00f5es Internacionais e Defesa, da Universidade Federal do Rio de Janeiro.<\/em><\/p>\n<p>\n\n\n\n<\/p>\n<p><em><strong>Fernando&nbsp;Roberto de Freitas Almeida<\/strong>&nbsp;\u00e9 doutor em Hist\u00f3ria Pol\u00edtica, pela Universidade do Estado do Rio de Janeiro, e professor do Instituto de Estudos Estrat\u00e9gicos, da Universidade Federal Fluminense.<\/em><\/p>\n<p><em><br><\/em><\/p>\n<p><em><br><\/em><\/p>\n<p>\n\n\n\n<\/p>\n<p>\n\n\n\n<\/p>\n<p>\n\n\n\n<\/p>\n<p>\n\n\n\n<\/p>\n<p>\n\n\n\n<\/p>\n<blockquote class=\"is-layout-flow wp-block-quote-is-layout-flow\" style=\"font-style: normal; font-weight: 200;\">\n<p><strong><em>Como citar este artigo<\/em><\/strong>:<\/p>\n<p>PAIVA, Henrique; ALMEIDA, Fernando Roberto de Freitas. Segunda Guerra Mundial: &#8220;Lembrai-vos da Guerra&#8221;, <em>Di\u00e1logos Internacionais, <\/em>vol.9, n.20, mai.2022. Dispon\u00edvel em: <a href=\"https:\/\/dialogosinternacionais.com.br\/?p=2603\">https:\/\/dialogosinternacionais.com.br\/?p=2603<\/a> Acesso em 18 mai.2022.<\/p>\n<\/blockquote>\n<p>\n\n\n<p><\/p>","protected":false},"excerpt":{"rendered":"<p>Volume 9 | N\u00famero 90 | Mai. 2022 Por Henrique Paiva e Fernando<\/p>\n","protected":false},"author":3,"featured_media":2604,"comment_status":"closed","ping_status":"closed","sticky":false,"template":"","format":"standard","meta":{"footnotes":""},"categories":[646,660],"tags":[],"class_list":["post-2603","post","type-post","status-publish","format-standard","has-post-thumbnail","hentry","category-artigos","category-volume9"],"_links":{"self":[{"href":"https:\/\/dialogosinternacionais.com.br\/index.php?rest_route=\/wp\/v2\/posts\/2603","targetHints":{"allow":["GET"]}}],"collection":[{"href":"https:\/\/dialogosinternacionais.com.br\/index.php?rest_route=\/wp\/v2\/posts"}],"about":[{"href":"https:\/\/dialogosinternacionais.com.br\/index.php?rest_route=\/wp\/v2\/types\/post"}],"author":[{"embeddable":true,"href":"https:\/\/dialogosinternacionais.com.br\/index.php?rest_route=\/wp\/v2\/users\/3"}],"replies":[{"embeddable":true,"href":"https:\/\/dialogosinternacionais.com.br\/index.php?rest_route=%2Fwp%2Fv2%2Fcomments&post=2603"}],"version-history":[{"count":14,"href":"https:\/\/dialogosinternacionais.com.br\/index.php?rest_route=\/wp\/v2\/posts\/2603\/revisions"}],"predecessor-version":[{"id":3131,"href":"https:\/\/dialogosinternacionais.com.br\/index.php?rest_route=\/wp\/v2\/posts\/2603\/revisions\/3131"}],"wp:featuredmedia":[{"embeddable":true,"href":"https:\/\/dialogosinternacionais.com.br\/index.php?rest_route=\/wp\/v2\/media\/2604"}],"wp:attachment":[{"href":"https:\/\/dialogosinternacionais.com.br\/index.php?rest_route=%2Fwp%2Fv2%2Fmedia&parent=2603"}],"wp:term":[{"taxonomy":"category","embeddable":true,"href":"https:\/\/dialogosinternacionais.com.br\/index.php?rest_route=%2Fwp%2Fv2%2Fcategories&post=2603"},{"taxonomy":"post_tag","embeddable":true,"href":"https:\/\/dialogosinternacionais.com.br\/index.php?rest_route=%2Fwp%2Fv2%2Ftags&post=2603"}],"curies":[{"name":"wp","href":"https:\/\/api.w.org\/{rel}","templated":true}]}}