{"id":2787,"date":"2022-12-30T16:55:54","date_gmt":"2022-12-30T19:55:54","guid":{"rendered":"https:\/\/dialogosinternacionais.com.br\/?p=2787"},"modified":"2024-04-09T19:01:42","modified_gmt":"2024-04-09T22:01:42","slug":"dialogos-internacionais-e-b1-no-qualis-2017-2020","status":"publish","type":"post","link":"https:\/\/dialogosinternacionais.com.br\/?p=2787","title":{"rendered":"Di\u00e1logos Internacionais \u00e9 B1 no Qualis 2017-2020"},"content":{"rendered":"\n<figure class=\"wp-block-image size-large\"><img fetchpriority=\"high\" decoding=\"async\" width=\"1024\" height=\"1024\" src=\"https:\/\/dialogosinternacionais.com.br\/wp-content\/uploads\/2022\/12\/QUALIS-1024x1024.png\" alt=\"\" class=\"wp-image-2780\" srcset=\"https:\/\/dialogosinternacionais.com.br\/wp-content\/uploads\/2022\/12\/QUALIS-1024x1024.png 1024w, https:\/\/dialogosinternacionais.com.br\/wp-content\/uploads\/2022\/12\/QUALIS-300x300.png 300w, https:\/\/dialogosinternacionais.com.br\/wp-content\/uploads\/2022\/12\/QUALIS-150x150.png 150w, https:\/\/dialogosinternacionais.com.br\/wp-content\/uploads\/2022\/12\/QUALIS-768x768.png 768w, https:\/\/dialogosinternacionais.com.br\/wp-content\/uploads\/2022\/12\/QUALIS.png 1080w\" sizes=\"(max-width: 1024px) 100vw, 1024px\" \/><\/figure>\n\n\n\n<p>\u00c9 com grande satisfa\u00e7\u00e3o que informamos que a revista <strong>Di\u00e1logos Internacionais<\/strong> foi classificada na avalia\u00e7\u00e3o <strong>Qualis 2017-2020 como revista B1<\/strong>.<\/p>\n\n\n\n<p>A\u00a0<strong>Di\u00e1logos Internacionais\u00a0(ISSN 2596-2353)<\/strong>\u00a0\u00e9 uma revista online, mensal de Rela\u00e7\u00f5es Internacionais, Defesa e Economia Pol\u00edtica Internacional, voltada para estudantes de gradua\u00e7\u00e3o e p\u00f3s gradua\u00e7\u00e3o, que tem o objetivo de publicar artigos cient\u00edficos e de an\u00e1lise da conjuntura, discutindo temas da atualidade e da hist\u00f3ria, com foco principal, ainda que n\u00e3o exclusivo, na cena internacional.<\/p>\n\n\n\n<p>A revista surgiu em 2014 para ampliar o debate, o exerc\u00edcio da escrita, da reflex\u00e3o e da cr\u00edtica. Nosso objetivo \u00e9 compartilhar ideias e opini\u00f5es, pesquisas e experi\u00eancias, dados e informa\u00e7\u00f5es. Em 2019 a revista passou a contar com o apoio do Instituto de <a href=\"http:\/\/www.irid.ufrj.br\">Rela\u00e7\u00f5es Internacionais e Defesa (IRID) da UFRJ.<\/a> S\u00e3o oito anos de di\u00e1logo, de livre pensar, de amplitude de opini\u00e3o, de posi\u00e7\u00e3o, de oposi\u00e7\u00e3o, de pensamento cr\u00edtico e de cr\u00edtica ao pensamento imposto.<\/p>\n\n\n\n<p>Agradecemos a confian\u00e7a de todos e todas que acreditaram na revista, enviando seus textos para publica\u00e7\u00e3o. Esperamos que em 2023 possamos tornar os nossos processos mais din\u00e2micos e eficientes, ampliando a quantidade a qualidade das publica\u00e7\u00f5es.<\/p>\n\n\n\n<p><\/p>\n\n\n\n<p class=\"has-text-align-right\"><strong>Equipe Di\u00e1logos Internacionais<\/strong><\/p>\n","protected":false},"excerpt":{"rendered":"<p>\u00c9 com grande satisfa\u00e7\u00e3o que informamos que a revista Di\u00e1logos Internacionais foi classificada<\/p>\n","protected":false},"author":3,"featured_media":2780,"comment_status":"closed","ping_status":"open","sticky":false,"template":"","format":"standard","meta":{"footnotes":""},"categories":[649],"tags":[],"class_list":["post-2787","post","type-post","status-publish","format-standard","has-post-thumbnail","hentry","category-noticias"],"_links":{"self":[{"href":"https:\/\/dialogosinternacionais.com.br\/index.php?rest_route=\/wp\/v2\/posts\/2787","targetHints":{"allow":["GET"]}}],"collection":[{"href":"https:\/\/dialogosinternacionais.com.br\/index.php?rest_route=\/wp\/v2\/posts"}],"about":[{"href":"https:\/\/dialogosinternacionais.com.br\/index.php?rest_route=\/wp\/v2\/types\/post"}],"author":[{"embeddable":true,"href":"https:\/\/dialogosinternacionais.com.br\/index.php?rest_route=\/wp\/v2\/users\/3"}],"replies":[{"embeddable":true,"href":"https:\/\/dialogosinternacionais.com.br\/index.php?rest_route=%2Fwp%2Fv2%2Fcomments&post=2787"}],"version-history":[{"count":1,"href":"https:\/\/dialogosinternacionais.com.br\/index.php?rest_route=\/wp\/v2\/posts\/2787\/revisions"}],"predecessor-version":[{"id":2788,"href":"https:\/\/dialogosinternacionais.com.br\/index.php?rest_route=\/wp\/v2\/posts\/2787\/revisions\/2788"}],"wp:featuredmedia":[{"embeddable":true,"href":"https:\/\/dialogosinternacionais.com.br\/index.php?rest_route=\/wp\/v2\/media\/2780"}],"wp:attachment":[{"href":"https:\/\/dialogosinternacionais.com.br\/index.php?rest_route=%2Fwp%2Fv2%2Fmedia&parent=2787"}],"wp:term":[{"taxonomy":"category","embeddable":true,"href":"https:\/\/dialogosinternacionais.com.br\/index.php?rest_route=%2Fwp%2Fv2%2Fcategories&post=2787"},{"taxonomy":"post_tag","embeddable":true,"href":"https:\/\/dialogosinternacionais.com.br\/index.php?rest_route=%2Fwp%2Fv2%2Ftags&post=2787"}],"curies":[{"name":"wp","href":"https:\/\/api.w.org\/{rel}","templated":true}]}}