{"id":3170,"date":"2024-06-14T18:43:03","date_gmt":"2024-06-14T21:43:03","guid":{"rendered":"https:\/\/dialogosinternacionais.com.br\/?p=3170"},"modified":"2024-06-14T18:43:05","modified_gmt":"2024-06-14T21:43:05","slug":"10-anos-de-dialogos-internacionais","status":"publish","type":"post","link":"https:\/\/dialogosinternacionais.com.br\/?p=3170","title":{"rendered":"10 anos de Di\u00e1logos Internacionais"},"content":{"rendered":"<div class=\"wp-block-image\">\n<figure class=\"aligncenter size-large is-resized\"><img fetchpriority=\"high\" decoding=\"async\" src=\"https:\/\/dialogosinternacionais.com.br\/wp-content\/uploads\/2022\/05\/Primeiro-Post-1024x786.png\" alt=\"\" class=\"wp-image-2352\" width=\"443\" height=\"339\" srcset=\"https:\/\/dialogosinternacionais.com.br\/wp-content\/uploads\/2022\/05\/Primeiro-Post-1024x786.png 1024w, https:\/\/dialogosinternacionais.com.br\/wp-content\/uploads\/2022\/05\/Primeiro-Post-300x230.png 300w, https:\/\/dialogosinternacionais.com.br\/wp-content\/uploads\/2022\/05\/Primeiro-Post-768x590.png 768w, https:\/\/dialogosinternacionais.com.br\/wp-content\/uploads\/2022\/05\/Primeiro-Post.png 1030w\" sizes=\"(max-width: 443px) 100vw, 443px\" \/><\/figure>\n<\/div>\n\n\n<p>A Revista Di\u00e1logos Internacionais foi lan\u00e7ada em 14 de junho de 2014. Completamos, hoje, 10 anos de resist\u00eancia. Tivemos grandes mudan\u00e7as neste per\u00edodo. Sa\u00edmos do formato de blog para o de revista, ampliamos substancialmente o n\u00famero de contribui\u00e7\u00f5es, mudamos o sistema de avalia\u00e7\u00e3o, agregamos uma excelente rede de pareceristas e tivemos, com todo esse esfor\u00e7o, a valida\u00e7\u00e3o de uma qualifica\u00e7\u00e3o B1 na Qualis-Capes.<\/p>\n\n\n\n<p>Muda a revista, mudamos n\u00f3s, mas a proposta continua em p\u00e9. Come\u00e7amos com um encontro de p\u00f3s-graduandos em torno do ideal de ampliar o espa\u00e7o de divulga\u00e7\u00e3o qualificado de nossas pesquisas e permanecemos procurando dar oportunidades para todas e todos (confira nosso hist\u00f3rico!).<\/p>\n\n\n\n<p>Hoje, professores federais, Larissa e eu, Glauber, mantemos a revista dentro de nossas possibilidades, com apoio de nossas redes, com a ades\u00e3o de novos colaboradores, com as muitas demandas e as m\u00faltiplas atividades que nossas vidas requereram nesses anos, projetos pessoais, filha, perdas, mudan\u00e7as. A resist\u00eancia est\u00e1 a\u00ed. Permanecer na adversidade. Permanecer com qualidade. Permanecer e crescer.<\/p>\n\n\n\n<p>A conex\u00e3o Rio de Janeiro (RJ) &#8211; Boa Vista (RR) nunca foi t\u00e3o forte. Essa breve reflex\u00e3o que lan\u00e7amos hoje \u00e9 sobre profiss\u00e3o, sobre trabalho e sobre pesquisa, mas tamb\u00e9m \u00e9 sobre companheiros de viagem, sobre amizade e sobre superar, ultrapassar, sonhar e realizar.<\/p>\n\n\n\n<p>Em nome da Di\u00e1logos Internacionais, convidamos aos interessados no projeto em vir conosco. Em aceitar nossos convites, em colaborar, em agregar&#8230; para o processo de ampliar a reflex\u00e3o cr\u00edtica; para nossos Lattes e progress\u00f5es, mas, sobretudo, para que nossas alunas e alunos tenham cada vez mais oportunidades, algumas que at\u00e9 n\u00e3o tivemos n\u00f3s mesmos. <\/p>\n\n\n\n<p>Vamos somar, vamos permanecer!<\/p>\n\n\n\n<p class=\"has-text-align-right\">Boa Vista-Rio de Janeiro, 14 de junho de 2024.<\/p>\n\n\n\n<p class=\"has-text-align-right\"><strong>Glauber Carvalho<\/strong> e <strong>Larissa Rosevics<\/strong><\/p>\n\n\n\n<p class=\"has-text-align-right\">Editores-Chefes\u00a0<\/p>\n","protected":false},"excerpt":{"rendered":"<p>A Revista Di\u00e1logos Internacionais foi lan\u00e7ada em 14 de junho de 2014. Completamos,<\/p>\n","protected":false},"author":3,"featured_media":3172,"comment_status":"closed","ping_status":"open","sticky":false,"template":"","format":"standard","meta":{"footnotes":""},"categories":[649],"tags":[727,728,726],"class_list":["post-3170","post","type-post","status-publish","format-standard","has-post-thumbnail","hentry","category-noticias","tag-aniversario","tag-futuro","tag-revista"],"_links":{"self":[{"href":"https:\/\/dialogosinternacionais.com.br\/index.php?rest_route=\/wp\/v2\/posts\/3170","targetHints":{"allow":["GET"]}}],"collection":[{"href":"https:\/\/dialogosinternacionais.com.br\/index.php?rest_route=\/wp\/v2\/posts"}],"about":[{"href":"https:\/\/dialogosinternacionais.com.br\/index.php?rest_route=\/wp\/v2\/types\/post"}],"author":[{"embeddable":true,"href":"https:\/\/dialogosinternacionais.com.br\/index.php?rest_route=\/wp\/v2\/users\/3"}],"replies":[{"embeddable":true,"href":"https:\/\/dialogosinternacionais.com.br\/index.php?rest_route=%2Fwp%2Fv2%2Fcomments&post=3170"}],"version-history":[{"count":1,"href":"https:\/\/dialogosinternacionais.com.br\/index.php?rest_route=\/wp\/v2\/posts\/3170\/revisions"}],"predecessor-version":[{"id":3173,"href":"https:\/\/dialogosinternacionais.com.br\/index.php?rest_route=\/wp\/v2\/posts\/3170\/revisions\/3173"}],"wp:featuredmedia":[{"embeddable":true,"href":"https:\/\/dialogosinternacionais.com.br\/index.php?rest_route=\/wp\/v2\/media\/3172"}],"wp:attachment":[{"href":"https:\/\/dialogosinternacionais.com.br\/index.php?rest_route=%2Fwp%2Fv2%2Fmedia&parent=3170"}],"wp:term":[{"taxonomy":"category","embeddable":true,"href":"https:\/\/dialogosinternacionais.com.br\/index.php?rest_route=%2Fwp%2Fv2%2Fcategories&post=3170"},{"taxonomy":"post_tag","embeddable":true,"href":"https:\/\/dialogosinternacionais.com.br\/index.php?rest_route=%2Fwp%2Fv2%2Ftags&post=3170"}],"curies":[{"name":"wp","href":"https:\/\/api.w.org\/{rel}","templated":true}]}}