{"id":3268,"date":"2024-11-04T09:00:00","date_gmt":"2024-11-04T12:00:00","guid":{"rendered":"https:\/\/dialogosinternacionais.com.br\/?p=3268"},"modified":"2024-11-28T00:28:02","modified_gmt":"2024-11-28T03:28:02","slug":"edicao-especial-dialogos-internacionais-por-que-a-india","status":"publish","type":"post","link":"https:\/\/dialogosinternacionais.com.br\/?p=3268","title":{"rendered":"Edi\u00e7\u00e3o Especial Di\u00e1logos Internacionais: Por que  a \u00cdndia?"},"content":{"rendered":"\n<p>Edi\u00e7\u00e3o Especial: \u00c1sia<\/p>\n\n\n\n<p>Volume 11 | N\u00famero 113 | Nov. 2024<\/p>\n\n\n\n<p class=\"has-text-align-right\">Por Marianna Albuquerque<a href=\"applewebdata:\/\/862504DB-1B77-4C3A-AD67-17E1AB1CCA12#_ftn1\"><sup>[1]<\/sup><\/a><\/p>\n\n\n\n<p>Em 2023, os notici\u00e1rios internacionais foram inundados por diversas reportagens sobre a \u00cdndia, um pa\u00eds at\u00e9 ent\u00e3o pouco protagonista nos principais ve\u00edculos de comunica\u00e7\u00e3o. Em abril, o tema da inclus\u00e3o nas manchetes foi o an\u00fancio de que o pa\u00eds havia atingido 1,428 bilh\u00e3o de habitantes e ultrapassado a China em dados demogr\u00e1ficos. Tornava-se, portanto, a na\u00e7\u00e3o mais populosa do planeta. J\u00e1 em agosto, novamente, os feitos indianos tornaram-se um tema inescap\u00e1vel. Ap\u00f3s a bem-sucedida miss\u00e3o Chandrayaan-3, a \u00cdndia se tornou o primeiro pa\u00eds a realizar um pouso no polo sul da Lua. Antes disso, aterrisagens em outras partes do corpo celeste s\u00f3 haviam sido conquistadas por Estados Unidos, R\u00fassia e China.&nbsp;<\/p>\n\n\n\n<p>Em paralelo, o pa\u00eds conduzia dois grandes processos pol\u00edticos simultaneamente: a presid\u00eancia do G20, grupo multilateral que re\u00fane as grandes economias do planeta, e a organiza\u00e7\u00e3o de elei\u00e7\u00f5es nacionais na maior democracia do mundo. Ambos foram marcados pelo papel central \u2013 e centralizador \u2013 do Primeiro-Ministro Narendra Modi. No G20, Modi e seu grupo pol\u00edtico defenderam a narrativa de que a \u00cdndia era uma lideran\u00e7a do Sul Global e que possu\u00eda tanto a legitimidade quanto a capacidade de liderar os pa\u00edses em desenvolvimento em prol da redu\u00e7\u00e3o de assimetrias. Nas elei\u00e7\u00f5es, a vit\u00f3ria de Modi e de seu partido para um terceiro mandato sinalizou que, apesar de em progressiva redu\u00e7\u00e3o, h\u00e1 apoio popular interno a um projeto pol\u00edtico que defende o resgate do papel hist\u00f3rico da civiliza\u00e7\u00e3o hindu no mundo.&nbsp;<\/p>\n\n\n\n<p>H\u00e1, portanto, narrativas e a\u00e7\u00f5es intencionais em marcha com o objetivo de transformar a \u00cdndia em uma grande pot\u00eancia. Alguns dados nos ajudam a dimensionar o impacto do crescimento indiano. De acordo com o Banco Mundial, a \u00cdndia cresceu 8,2% no ano fiscal de 2023-2024, sendo a economia com o crescimento mais r\u00e1pido do mundo<a href=\"applewebdata:\/\/862504DB-1B77-4C3A-AD67-17E1AB1CCA12#_ftn2\"><sup>[2]<\/sup><\/a>. O objetivo do pa\u00eds, que j\u00e1 \u00e9 a quinta maior economia do mundo, \u00e9 ser considerado \u2018desenvolvido\u2019 j\u00e1 na d\u00e9cada de 1940. Para al\u00e9m de pot\u00eancia econ\u00f4mica, a \u00cdndia \u00e9, tamb\u00e9m, uma pot\u00eancia militar, tendo se nuclearizado em 1998.<\/p>\n\n\n\n<p>Com o intuito de popularizar e difundir mais conte\u00fados sobre a pol\u00edtica externa deste pa\u00eds em ascens\u00e3o, foi fundada, em 2023, a linha de pesquisa sobre Pol\u00edtica Externa da \u00cdndia, no \u00e2mbito do Laborat\u00f3rio de Estudos Asi\u00e1ticos (LEA) do Instituto de Rela\u00e7\u00f5es Internacionais e Defesa da Universidade Federal do Rio de Janeiro (IRID-UFRJ). Sob minha coordena\u00e7\u00e3o, os pesquisadores desenvolveram pesquisas sobre temas que variam de seguran\u00e7a \u00e0 cultura, de poder normativo a desafios ao status quo. Essa edi\u00e7\u00e3o da Di\u00e1logos Internacionais compila a produ\u00e7\u00e3o dos pesquisadores, alunos de gradua\u00e7\u00e3o dos cursos de Rela\u00e7\u00f5es Internacionais e de Defesa e Gest\u00e3o Estrat\u00e9gica Internacional. Esperamos que seja apenas um primeiro passo para a consolida\u00e7\u00e3o dos estudos indianos no Brasil.<\/p>\n\n\n\n<p><\/p>\n\n\n\n<p class=\"has-black-color has-text-color has-background\" style=\"background-color:#e0e9ed\"><strong><em>NOTA DOS EDITORES<\/em><\/strong>: <em>A edi\u00e7\u00e3o especial da Di\u00e1logos Internacionais, com o dossi\u00ea <\/em><strong><em>&#8220;Por que a \u00cdndia?&#8221;<\/em><\/strong><em> \u00e9 composta pela apresenta\u00e7\u00e3o <\/em><i>da<\/i> professora Marianna Albuquerque<em> e por 8 artigos relacionados ao tema. Os artigos ser\u00e3o publicados durante o m\u00eas de novembro de 2024, \u00e0s segundas e quartas.<\/em> <em>Agradecemos a professora pela organiza\u00e7\u00e3o da Edi\u00e7\u00e3o Especial e aos autores pelos debates promovidos.<\/em><\/p>\n\n\n\n<hr class=\"wp-block-separator has-alpha-channel-opacity\"\/>\n\n\n\n<p><a href=\"applewebdata:\/\/862504DB-1B77-4C3A-AD67-17E1AB1CCA12#_ftnref1\"><sup>[1]<\/sup><\/a>&nbsp;Professora do Instituto de Rela\u00e7\u00f5es Internacionais e Defesa da Universidade Federal do Rio de Janeiro (IRID-UFRJ) e coordenadora da linha de pesquisa sobre Pol\u00edtica Externa da \u00cdndia no Laborat\u00f3rio de Estudos Asi\u00e1ticos (LEA-IRID). \u00c9 Raisina Fellow do Observer Research Foundation (ORF), think tank sediado em Nova D\u00e9lhi.<\/p>\n\n\n\n<p><a href=\"applewebdata:\/\/862504DB-1B77-4C3A-AD67-17E1AB1CCA12#_ftnref2\"><sup>[2]<\/sup><\/a>&nbsp;Veja mais em:&nbsp;<a href=\"https:\/\/www.worldbank.org\/en\/country\/india\/overview\">https:\/\/www.worldbank.org\/en\/country\/india\/overview<\/a><\/p>\n","protected":false},"excerpt":{"rendered":"<p>Edi\u00e7\u00e3o Especial: \u00c1sia Volume 11 | N\u00famero 113 | Nov. 2024 Por Marianna<\/p>\n","protected":false},"author":3,"featured_media":3272,"comment_status":"closed","ping_status":"open","sticky":false,"template":"","format":"standard","meta":{"footnotes":""},"categories":[646,645,685],"tags":[],"class_list":["post-3268","post","type-post","status-publish","format-standard","has-post-thumbnail","hentry","category-artigos","category-edicao-atual","category-edicao-especial"],"_links":{"self":[{"href":"https:\/\/dialogosinternacionais.com.br\/index.php?rest_route=\/wp\/v2\/posts\/3268","targetHints":{"allow":["GET"]}}],"collection":[{"href":"https:\/\/dialogosinternacionais.com.br\/index.php?rest_route=\/wp\/v2\/posts"}],"about":[{"href":"https:\/\/dialogosinternacionais.com.br\/index.php?rest_route=\/wp\/v2\/types\/post"}],"author":[{"embeddable":true,"href":"https:\/\/dialogosinternacionais.com.br\/index.php?rest_route=\/wp\/v2\/users\/3"}],"replies":[{"embeddable":true,"href":"https:\/\/dialogosinternacionais.com.br\/index.php?rest_route=%2Fwp%2Fv2%2Fcomments&post=3268"}],"version-history":[{"count":3,"href":"https:\/\/dialogosinternacionais.com.br\/index.php?rest_route=\/wp\/v2\/posts\/3268\/revisions"}],"predecessor-version":[{"id":3299,"href":"https:\/\/dialogosinternacionais.com.br\/index.php?rest_route=\/wp\/v2\/posts\/3268\/revisions\/3299"}],"wp:featuredmedia":[{"embeddable":true,"href":"https:\/\/dialogosinternacionais.com.br\/index.php?rest_route=\/wp\/v2\/media\/3272"}],"wp:attachment":[{"href":"https:\/\/dialogosinternacionais.com.br\/index.php?rest_route=%2Fwp%2Fv2%2Fmedia&parent=3268"}],"wp:term":[{"taxonomy":"category","embeddable":true,"href":"https:\/\/dialogosinternacionais.com.br\/index.php?rest_route=%2Fwp%2Fv2%2Fcategories&post=3268"},{"taxonomy":"post_tag","embeddable":true,"href":"https:\/\/dialogosinternacionais.com.br\/index.php?rest_route=%2Fwp%2Fv2%2Ftags&post=3268"}],"curies":[{"name":"wp","href":"https:\/\/api.w.org\/{rel}","templated":true}]}}