{"id":3351,"date":"2025-04-02T09:00:00","date_gmt":"2025-04-02T12:00:00","guid":{"rendered":"https:\/\/dialogosinternacionais.com.br\/?p=3351"},"modified":"2025-04-02T00:33:07","modified_gmt":"2025-04-02T03:33:07","slug":"resenha-filme-pixote-a-lei-do-mais-fraco%ef%bf%bc-a-infancia-destruida-e-a-marginalizacao-social","status":"publish","type":"post","link":"https:\/\/dialogosinternacionais.com.br\/?p=3351","title":{"rendered":"Resenha: Filme &#8220;Pixote: A Lei do Mais Fraco\ufffc&#8221;, a inf\u00e2ncia destru\u00edda e a marginaliza\u00e7\u00e3o social"},"content":{"rendered":"\n<p>Volume 12 | N\u00famero 117 | Abr. 2025<\/p>\n\n\n\n<p class=\"has-text-align-right\">Por Lucas Almeida dos Santos<\/p>\n\n\n<div class=\"wp-block-image\">\n<figure class=\"aligncenter size-full is-resized\"><img fetchpriority=\"high\" decoding=\"async\" src=\"https:\/\/dialogosinternacionais.com.br\/wp-content\/uploads\/2025\/04\/pixote.jpg\" alt=\"\" class=\"wp-image-3352\" width=\"454\" height=\"643\" srcset=\"https:\/\/dialogosinternacionais.com.br\/wp-content\/uploads\/2025\/04\/pixote.jpg 706w, https:\/\/dialogosinternacionais.com.br\/wp-content\/uploads\/2025\/04\/pixote-212x300.jpg 212w\" sizes=\"(max-width: 454px) 100vw, 454px\" \/><\/figure>\n<\/div>\n\n\n<p><em>PIXOTE: a lei do mais fraco. Dire\u00e7\u00e3o: Hector Babenco. Produ\u00e7\u00e3o: Hector Babenco, Paulo Francini e Jos\u00e9 Pinto. Brasil: Embrafilme, 1980.<\/em><\/p>\n\n\n\n<p><\/p>\n\n\n\n<p>Hector Babenco, em&nbsp;<em>Pixote: A Lei do Mais Fraco (1981)<\/em>, constr\u00f3i um retrato cruel e impactante da inf\u00e2ncia marginalizada no Brasil, explorando as experi\u00eancias de crian\u00e7as e adolescentes em situa\u00e7\u00e3o de vulnerabilidade. Protagonizado por Fernando Ramos da Silva, o filme acompanha a jornada de Pixote, um jovem em situa\u00e7\u00e3o de rua que, ap\u00f3s ser brutalizado em um reformat\u00f3rio, adentra um ciclo de viol\u00eancia e exclus\u00e3o social nas ruas de S\u00e3o Paulo. A obra recebeu aclama\u00e7\u00e3o internacional e foi destacada pela Associa\u00e7\u00e3o de Cr\u00edticos de Nova York como um dos melhores filmes estrangeiros de sua \u00e9poca. No contexto da ditadura militar brasileira, a marginaliza\u00e7\u00e3o social emerge como tema central, desafiando o papel das institui\u00e7\u00f5es estatais na perpetua\u00e7\u00e3o da desigualdade e do abandono.<\/p>\n\n\n\n<p>O filme reflete um Brasil autorit\u00e1rio e desigual, marcado pela censura, repress\u00e3o pol\u00edtica e falta de pol\u00edticas p\u00fablicas eficazes. No final dos anos 1970 e in\u00edcio dos anos 1980, a urbaniza\u00e7\u00e3o acelerada e a omiss\u00e3o governamental intensificaram a marginaliza\u00e7\u00e3o das popula\u00e7\u00f5es perif\u00e9ricas. Teresa Caldeira, em \u201cCidade de Muros: Crime, Segrega\u00e7\u00e3o e Cidadania em S\u00e3o Paulo\u201d (2000), aponta que a expans\u00e3o urbana desordenada e a criminaliza\u00e7\u00e3o da pobreza criaram &#8220;zonas de exclus\u00e3o&#8221;, onde o Estado se faz ausente. Babenco representa essa realidade na brutalidade enfrentada pelos jovens no sistema correcional, onde, em vez de prote\u00e7\u00e3o e reabilita\u00e7\u00e3o, encontram apenas viol\u00eancia e desesperan\u00e7a.<\/p>\n\n\n\n<p>Pensar em marginaliza\u00e7\u00e3o social \u00e9 essencial para compreender a din\u00e2mica do filme. Frantz Fanon, em \u201cOs Condenados da Terra\u201d (1961), descreve como certos grupos s\u00e3o sistematicamente afastados da vida social e econ\u00f4mica, perpetuando ciclos de pobreza e exclus\u00e3o. Pierre Bourdieu, com \u201cA Distin\u00e7\u00e3o: Cr\u00edtica Social do Julgamento\u201d (1979), tamb\u00e9m analisa as estruturas invis\u00edveis que mant\u00eam a hierarquia social e a discrimina\u00e7\u00e3o cultural. Em Pixote, a marginaliza\u00e7\u00e3o se manifesta na desumaniza\u00e7\u00e3o dos jovens pobres, que s\u00e3o constantemente submetidos \u00e0 viol\u00eancia, tanto nas institui\u00e7\u00f5es p\u00fablicas quanto nas ruas. No entanto, o filme sugere que esses indiv\u00edduos est\u00e3o condenados a uma exist\u00eancia sem sa\u00edda, negligenciando as formas de resist\u00eancia e luta que muitos grupos marginalizados demonstram na vida real.<\/p>\n\n\n\n<p>A abordagem cinematogr\u00e1fica de Babenco mistura realismo social com um estilo quase documental, conferindo autenticidade e intensificando o impacto emocional do filme. A fotografia crua e o ritmo din\u00e2mico refor\u00e7am a brutalidade das experi\u00eancias dos protagonistas, criando um senso de urg\u00eancia e desespero. Pixote se torna um s\u00edmbolo da inf\u00e2ncia perdida, representando uma gera\u00e7\u00e3o sem perspectivas. Outros personagens, como Lilica, um jovem homossexual que busca aceita\u00e7\u00e3o, e Dito, que sonha com uma vida est\u00e1vel, ilustram diferentes facetas da exclus\u00e3o social, evidenciando a intersec\u00e7\u00e3o entre marginalidade, viol\u00eancia e identidades vulner\u00e1veis.<\/p>\n\n\n\n<p>Apesar da for\u00e7a de sua cr\u00edtica, alguns estudiosos apontam que o filme pode oferecer uma vis\u00e3o exageradamente sombria da sociedade brasileira. Randal Johnson, na sua an\u00e1lise feita atrav\u00e9s de \u201cBrazilian Cinema\u201d (1996), sugere que Babenco retrata o Brasil como irreparavelmente corrupto e violento, sem apresentar possibilidades de mudan\u00e7a ou resist\u00eancia. Essa abordagem, embora eficaz para chocar e sensibilizar o p\u00fablico, pode refor\u00e7ar estere\u00f3tipos sobre a na\u00e7\u00e3o e desconsiderar os esfor\u00e7os de transforma\u00e7\u00e3o social e as redes de apoio que existem dentro das comunidades perif\u00e9ricas.<\/p>\n\n\n\n<p>Al\u00e9m disso, a trajet\u00f3ria de Pixote e seus companheiros tamb\u00e9m reflete um dilema universal sobre a inf\u00e2ncia roubada e a forma\u00e7\u00e3o da identidade em contextos de extrema priva\u00e7\u00e3o. O filme evidencia como a aus\u00eancia de refer\u00eancias familiares e sociais estruturadas empurra esses jovens para a marginalidade, criando um ciclo de viol\u00eancia dif\u00edcil de ser rompido. A figura de Pixote, que deveria representar ingenuidade e possibilidade de crescimento, se torna um s\u00edmbolo da brutalidade do meio em que est\u00e1 inserido. Dessa forma, Babenco n\u00e3o apenas denuncia a realidade da exclus\u00e3o social, mas tamb\u00e9m questiona como a sociedade naturaliza essa viol\u00eancia ao n\u00e3o oferecer alternativas concretas para esses jovens.<\/p>\n\n\n\n<p>Outro aspecto relevante da obra \u00e9 sua recep\u00e7\u00e3o cr\u00edtica e impacto internacional. A aclama\u00e7\u00e3o que o filme recebeu no exterior demonstra como a marginaliza\u00e7\u00e3o e a exclus\u00e3o infantil n\u00e3o s\u00e3o apenas problemas brasileiros, mas quest\u00f5es globais que ressoam em diferentes contextos sociais. Entretanto, essa recep\u00e7\u00e3o tamb\u00e9m levanta questionamentos sobre a forma como o Brasil \u00e9 representado para o p\u00fablico estrangeiro. A intensa abordagem da mis\u00e9ria e da viol\u00eancia pode refor\u00e7ar uma vis\u00e3o estereotipada do pa\u00eds como um lugar de caos e falta de perspectivas. Nesse sentido, enquanto \u201cPixote\u201d cumpre seu papel de den\u00fancia social, ele tamb\u00e9m se insere em um debate mais amplo sobre a constru\u00e7\u00e3o de narrativas cinematogr\u00e1ficas e sua influ\u00eancia na percep\u00e7\u00e3o externa de uma na\u00e7\u00e3o.<\/p>\n\n\n\n<p>Em suma,&nbsp;<em>Pixote: A Lei do Mais Fraco&nbsp;<\/em>\u00e9 um filme de forte teor cr\u00edtico, que exp\u00f5e as falhas gritantes das pol\u00edticas p\u00fablicas e a neglig\u00eancia estatal em rela\u00e7\u00e3o \u00e0s popula\u00e7\u00f5es marginalizadas. Sua narrativa realista e impactante escancara a realidade das crian\u00e7as abandonadas pelo sistema, for\u00e7adas a uma exist\u00eancia \u00e0 margem da sociedade. No entanto, a abordagem extrema da obra pode levar a uma interpreta\u00e7\u00e3o fatalista, ignorando nuances da resist\u00eancia social. O filme desafia o espectador a refletir sobre a responsabilidade coletiva na marginaliza\u00e7\u00e3o e reafirma o poder do cinema como instrumento de cr\u00edtica social e meio de visibiliza\u00e7\u00e3o de realidades frequentemente negligenciadas.<\/p>\n\n\n\n<p><strong>REFER\u00caNCIAS<\/strong><\/p>\n\n\n\n<p>BOURDIEU, Pierre.&nbsp;<strong>A distin\u00e7\u00e3o: cr\u00edtica social do julgamento.<\/strong>&nbsp;Tradu\u00e7\u00e3o de L. C. L. L.Mendes. 1. ed. S\u00e3o Paulo: Edusp, 1989.<\/p>\n\n\n\n<p>CALDEIRA, Teresa P. R.&nbsp;<strong>Cidade de muros: crime, segrega\u00e7\u00e3o e cidadania em S\u00e3o Paulo.<\/strong>2. ed. S\u00e3o Paulo: Edusp, 2000.<\/p>\n\n\n\n<p>FANON, Frantz.&nbsp;<strong>Os condenados da terra.<\/strong>&nbsp;1. ed. S\u00e3o Paulo: Editora Paz e Terra, 1970.<\/p>\n\n\n\n<p>GOMES, Ana Paula; LOB\u00c3O, F\u00e1tima.&nbsp;<strong>Marginalidade e exclus\u00e3o social: reflex\u00f5es te\u00f3ricas.<\/strong>Revista Sociedade e Estado, Bras\u00edlia, v. 23, n. 1, p. 95-118, jan.\/jun. 2008.<\/p>\n\n\n\n<p>JOHNSON, Randal.&nbsp;<strong>Brazilian Cinema.<\/strong>&nbsp;New York: Columbia University Press, 1996.<\/p>\n\n\n\n<p><em><strong> Lucas Almeida dos Santos<\/strong> \u00e9 estudante da Gradua\u00e7\u00e3o em Defesa e Gest\u00e3o Estrat\u00e9gica Internacional e membro do N\u00facleo de Artes, Interculturalidade e Pol\u00edtica Internacional (NAIPI-IRID).<\/em><\/p>\n","protected":false},"excerpt":{"rendered":"<p>Volume 12 | N\u00famero 117 | Abr. 2025 Por Lucas Almeida dos Santos<\/p>\n","protected":false},"author":3,"featured_media":3352,"comment_status":"closed","ping_status":"open","sticky":false,"template":"","format":"standard","meta":{"footnotes":""},"categories":[645,647],"tags":[],"class_list":["post-3351","post","type-post","status-publish","format-standard","has-post-thumbnail","hentry","category-edicao-atual","category-resenhas"],"_links":{"self":[{"href":"https:\/\/dialogosinternacionais.com.br\/index.php?rest_route=\/wp\/v2\/posts\/3351","targetHints":{"allow":["GET"]}}],"collection":[{"href":"https:\/\/dialogosinternacionais.com.br\/index.php?rest_route=\/wp\/v2\/posts"}],"about":[{"href":"https:\/\/dialogosinternacionais.com.br\/index.php?rest_route=\/wp\/v2\/types\/post"}],"author":[{"embeddable":true,"href":"https:\/\/dialogosinternacionais.com.br\/index.php?rest_route=\/wp\/v2\/users\/3"}],"replies":[{"embeddable":true,"href":"https:\/\/dialogosinternacionais.com.br\/index.php?rest_route=%2Fwp%2Fv2%2Fcomments&post=3351"}],"version-history":[{"count":2,"href":"https:\/\/dialogosinternacionais.com.br\/index.php?rest_route=\/wp\/v2\/posts\/3351\/revisions"}],"predecessor-version":[{"id":3354,"href":"https:\/\/dialogosinternacionais.com.br\/index.php?rest_route=\/wp\/v2\/posts\/3351\/revisions\/3354"}],"wp:featuredmedia":[{"embeddable":true,"href":"https:\/\/dialogosinternacionais.com.br\/index.php?rest_route=\/wp\/v2\/media\/3352"}],"wp:attachment":[{"href":"https:\/\/dialogosinternacionais.com.br\/index.php?rest_route=%2Fwp%2Fv2%2Fmedia&parent=3351"}],"wp:term":[{"taxonomy":"category","embeddable":true,"href":"https:\/\/dialogosinternacionais.com.br\/index.php?rest_route=%2Fwp%2Fv2%2Fcategories&post=3351"},{"taxonomy":"post_tag","embeddable":true,"href":"https:\/\/dialogosinternacionais.com.br\/index.php?rest_route=%2Fwp%2Fv2%2Ftags&post=3351"}],"curies":[{"name":"wp","href":"https:\/\/api.w.org\/{rel}","templated":true}]}}