{"id":3408,"date":"2025-11-01T09:00:00","date_gmt":"2025-11-01T12:00:00","guid":{"rendered":"https:\/\/dialogosinternacionais.com.br\/?p=3408"},"modified":"2025-10-30T23:40:00","modified_gmt":"2025-10-31T02:40:00","slug":"edicao-especial-dialogos-internacionais-cop-da-amazonia","status":"publish","type":"post","link":"https:\/\/dialogosinternacionais.com.br\/?p=3408","title":{"rendered":"Edi\u00e7\u00e3o Especial Di\u00e1logos Internacionais: COP da Amaz\u00f4nia"},"content":{"rendered":"\n<p>Edi\u00e7\u00e3o Especial: COP da Amaz\u00f4nia<\/p>\n\n\n\n<p>Volume 12 | N\u00famero 121 | Nov. 2025<\/p>\n\n\n\n<p class=\"has-text-align-right\">Por Bernardo Salgado Rodrigues<\/p>\n\n\n\n<p><\/p>\n\n\n\n<p>Em v\u00e1rios comunicados \u00e0 imprensa, o presidente Luiz In\u00e1cio Lula da Silva vem reiterando que a COP 30 ser\u00e1 \u201ca COP da Verdade\u201d. Para ele, o encontro se constituir\u00e1 como um ponto decis\u00f3rio para a principais lideran\u00e7as do sistema internacional ratificarem \u201ca seriedade de seu compromisso com o planeta\u201d.&nbsp;<\/p>\n\n\n\n<p>Mas afinal, o que \u00e9 a COP30, e qual sua import\u00e2ncia para o Brasil e para o mundo?<\/p>\n\n\n\n<p>A COP30 \u00e9 a 30\u00aa Confer\u00eancia das Na\u00e7\u00f5es Unidas sobre Mudan\u00e7a do Clima (Confer\u00eancia das Partes), um encontro global anual onde l\u00edderes mundiais, cientistas, organiza\u00e7\u00f5es n\u00e3o governamentais e representantes da sociedade civil discutem a\u00e7\u00f5es para combater as mudan\u00e7as do clima. Em termos de institucionalidade mundial, este \u00e9 considerado um dos principais eventos do tema no \u00e2mbito internacional.&nbsp;<\/p>\n\n\n\n<p>Neste ano, a COP30 ocorrer\u00e1 de 10 a 21 de novembro de 2025 na cidade de Bel\u00e9m, no estado do Par\u00e1, Brasil. Esta ser\u00e1 a primeira vez que uma COP ser\u00e1 realizada no territ\u00f3rio nacional, localizada no cora\u00e7\u00e3o da maior floresta tropical do mundo. Denominado de \u201cCOP da Amaz\u00f4nia\u201d, o evento se apresenta como uma oportunidade para que o Brasil exer\u00e7a a lideran\u00e7a nas decis\u00f5es necess\u00e1rias para implementar os compromissos assumidos pelos pa\u00edses no combate \u00e0s mudan\u00e7as clim\u00e1ticas.<\/p>\n\n\n\n<p>Haja vista a import\u00e2ncia do evento e do tema, essa edi\u00e7\u00e3o especial da Revista Di\u00e1logos Internacionais \u00e9 fruto dos trabalhos finais enviados por discentes da disciplina \u201cGeopol\u00edtica da Amaz\u00f4nia\u201d, ministrada no Instituto de Rela\u00e7\u00f5es Internacionais e Defesa (IRID) da Universidade Federal do Rio de Janeiro (UFRJ) no curso de gradua\u00e7\u00e3o em Defesa e Gest\u00e3o Estrat\u00e9gica Internacional (DGEI) no segundo semestre de 2025.&nbsp;<\/p>\n\n\n\n<p>Esta disciplina tem como objetivo introduzir a discuss\u00e3o sobre os temas estrat\u00e9gicos atualmente mais relevantes na conjuntura geopol\u00edtica da Amaz\u00f4nia Brasileira e Sul-Americana. Ela visa apresentar os principais conceitos, temas e debates na Geopol\u00edtica da Amaz\u00f4nia, assim como oferecer as linhas gerais para uma leitura mais aprofundada no \u00e2mbito do sistema interestatal.&nbsp;<\/p>\n\n\n\n<p>Uma vez que a Amaz\u00f4nia se apresenta como uma das \u00faltimas fronteiras de expans\u00e3o do capitalismo mundial, percebida como uma \u00e1rea geopoliticamente estrat\u00e9gica e crescente espa\u00e7o vital, sua compreens\u00e3o contempor\u00e2nea \u00e9 fundamental para o debate acad\u00eamico. Em outros termos, a disciplina \u201cGeopol\u00edtica da Amaz\u00f4nia\u201d busca delinear uma narrativa hist\u00f3rica desde a coloniza\u00e7\u00e3o at\u00e9 os dias atuais, analisando a correla\u00e7\u00e3o entre a disputa internacional e a eleva\u00e7\u00e3o da import\u00e2ncia dos recursos estrat\u00e9gicos para a economia global, com fortes ind\u00edcios de que a regi\u00e3o pode vir a se tornar um novo n\u00facleo gravitacional das grandes pot\u00eancias.&nbsp;<\/p>\n\n\n\n<p>A partir do estudo da Economia Pol\u00edtica Internacional e de uma abordagem qualitativa, com base em an\u00e1lise bibliogr\u00e1fica, objetiva-se demonstrar a crescente presen\u00e7a das pot\u00eancias estrangeiras, e como essa expans\u00e3o \u00e9 diretamente proporcional a car\u00eancia de um projeto aut\u00f4nomo de defesa e seguran\u00e7a. Logo, uma vez que a produ\u00e7\u00e3o cient\u00edfica tem como objetivo interpretar a realidade e provocar transforma\u00e7\u00f5es na sociedade, a disciplina tem o papel de discutir os impactos diretos e indiretos na Amaz\u00f4nia Brasileira e Sul-Americana, vis-\u00e0-vis os projetos de poder na arena internacional, revestindo-se de import\u00e2ncia para o meio acad\u00eamico.&nbsp;&nbsp;&nbsp;&nbsp;&nbsp;&nbsp;&nbsp;&nbsp;&nbsp;&nbsp;<\/p>\n\n\n\n<p>A conscientiza\u00e7\u00e3o intelectual e o fomento de recursos para pesquisa cient\u00edfica s\u00e3o elementos fundamentais para viabilizar econ\u00f4mica e politicamente as potencialidades amaz\u00f4nicas no s\u00e9culo XXI. Neste sentido, esta edi\u00e7\u00e3o especial se encontra dividida em seis an\u00e1lises acad\u00eamicas de estudantes de gradua\u00e7\u00e3o, voltados para os principais temas a serem discutidos na COP 30:&nbsp;<\/p>\n\n\n\n<p>1. Redu\u00e7\u00e3o de emiss\u00f5es de gases de efeito estufa.<\/p>\n\n\n\n<p>2. Adapta\u00e7\u00e3o \u00e0s mudan\u00e7as clim\u00e1ticas.<\/p>\n\n\n\n<p>3. Financiamento clim\u00e1tico para pa\u00edses em desenvolvimento.<\/p>\n\n\n\n<p>4. Tecnologias de energia renov\u00e1vel e solu\u00e7\u00f5es de baixo carbono.<\/p>\n\n\n\n<p>5. Preserva\u00e7\u00e3o de florestas e biodiversidade.<\/p>\n\n\n\n<p>6. Justi\u00e7a clim\u00e1tica e os impactos sociais das mudan\u00e7as clim\u00e1ticas.<\/p>\n\n\n\n<p>Tal qual dito pelo presidente Lula, o Brasil chega \u00e0 COP 30 como exemplo de lideran\u00e7a na transi\u00e7\u00e3o energ\u00e9tica. Em outros termos, o&nbsp;Brasil possui as condi\u00e7\u00f5es necess\u00e1rias para ser um dos grandes&nbsp;<em>players<\/em>&nbsp;na nova economia verde, principalmente no que se refere aos biocombust\u00edveis de segunda gera\u00e7\u00e3o, ao hidrog\u00eanio verde, ao l\u00edtio verde, e \u00e0s energias alternativas.<\/p>\n\n\n\n<p>Uma vez que a sustentabilidade \u00e9 apresentada como um modelo que resulta em progresso do bem-estar da popula\u00e7\u00e3o, igualdade social e redu\u00e7\u00e3o dos riscos ambientais e da degrada\u00e7\u00e3o ecol\u00f3gica, a Amaz\u00f4nia brasileira se apresenta como um dos principais sustent\u00e1culos verdes do Brasil. Obviamente, tal projeto deve ser uma contraposi\u00e7\u00e3o ao desmatamento ocasionado pela agricultura, pecu\u00e1ria, minera\u00e7\u00e3o e explora\u00e7\u00e3o madeireira predat\u00f3rias. Ou seja, \u00e9 compreender que o risco clim\u00e1tico \u00e9 um risco econ\u00f4mico.<\/p>\n\n\n\n<p>Em outros termos, \u00e9 uma impossibilidade a utiliza\u00e7\u00e3o do espa\u00e7o amaz\u00f4nico de forma racional sem a explora\u00e7\u00e3o harmoniosa e que atribua valor econ\u00f4mico \u00e0 floresta, instituindo uma via de desenvolvimento baseado em Ci\u00eancia, Tecnologia e Inova\u00e7\u00e3o, compreendendo sua complexidade metab\u00f3lica e utilizando o seu patrim\u00f4nio natural sem destru\u00ed-lo. Logo, se faz necess\u00e1rio um conhecimento adequado e profundo do seu valor intr\u00ednseco, uma conscientiza\u00e7\u00e3o dos agentes p\u00fablicos e da popula\u00e7\u00e3o para os problemas ecol\u00f3gicos envolvidos, um uso sustent\u00e1vel dos recursos naturais estrat\u00e9gicos, uma intensifica\u00e7\u00e3o de respaldos t\u00e9cnicos e cient\u00edficos possibilitados pelo crescimento de pesquisadores na e da Amaz\u00f4nia.<\/p>\n\n\n\n<p>Em s\u00edntese, a COP30 representa uma oportunidade hist\u00f3rica para o Brasil reafirmar seu papel de lideran\u00e7a global sobre mudan\u00e7as clim\u00e1ticas e sustentabilidade. O principal objetivo \u00e9 contribuir para que o pa\u00eds tenha protagonismo na fronteira tecnol\u00f3gica verde e na promo\u00e7\u00e3o da descarboniza\u00e7\u00e3o dos processos produtivos. Fundamentalmente, \u00e9 compreender as potencialidades da vanguarda de uma \u201cModerna Economia da Biodiversidade\u201d para a reflex\u00e3o de um \u201cBrasil Pot\u00eancia Verde\u201d.<\/p>\n\n\n\n<p><\/p>\n\n\n\n<p><em><strong>Bernardo Salgado Rodrigues <\/strong>\u00e9 professor adjunto do Instituto de Rela\u00e7\u00f5es Internacionais e Defesa da Universidade Federal do Rio de Janeiro (IRID\/UFRJ), p\u00f3s-doutorando do Programa de P\u00f3s-Gradua\u00e7\u00e3o em Seguran\u00e7a Internacional e Defesa (PPGSID\/ESG), no \u00e2mbito do ProCad Defesa Prospectiva; pesquisador do Laborat\u00f3rio de Estudos de Hegemonia e Contra-hegemonia (LEHC-UFRJ), do Grupo de Trabalho &#8220;China y el Mapa del Poder Mundial&#8221; do Consejo Latinoamericano de Ciencias Sociales (CLACSO), do Grupo de Economia do Mar da Escola de Guerra Naval (GEM-EGN), no subgrupo de rela\u00e7\u00f5es geopol\u00edticas, e do Laborat\u00f3rio de Simula\u00e7\u00f5es e Cen\u00e1rios da Escola de Guerra Naval (LSC-EGN). Doutor em Economia Pol\u00edtica Internacional pela Universidade Federal do Rio de Janeiro (PEPI\/UFRJ), com p\u00f3s-doutorado em Ci\u00eancias Militares pela Escola de Comando e Estado-Maior do Ex\u00e9rcito (PPGCM\/ECEME) e em Estudos de Linguagens pela Universidade Federal do Mato Grosso do Sul (FAALC\/UFMS). Mestre em Economia Pol\u00edtica Internacional pela Universidade Federal do Rio de Janeiro (PEPI\/UFRJ). Possui gradua\u00e7\u00e3o em Ci\u00eancias Econ\u00f4micas pela Faculdade de Ci\u00eancias Econ\u00f4micas da Universidade do Estado do Rio de Janeiro (FCE\/UERJ). Possui gradua\u00e7\u00e3o em Ci\u00eancias Sociais pelo Instituto de Filosofia e Ci\u00eancias Sociais da Universidade Federal do Rio de Janeiro (IFCS\/UFRJ). Foi professor visitante na gradua\u00e7\u00e3o e na p\u00f3s-gradua\u00e7\u00e3o em Rela\u00e7\u00f5es Internacionais da Universidade Estadual da Para\u00edba (UEPB) entre 2022 e 2024, e foi professor substituto do Instituto de Rela\u00e7\u00f5es Internacionais e Defesa da Universidade Federal do Rio de Janeiro (IRID\/UFRJ) entre 2018 e 2020.<\/em><\/p>\n","protected":false},"excerpt":{"rendered":"<p>Edi\u00e7\u00e3o Especial: COP da Amaz\u00f4nia Volume 12 | N\u00famero 121 | Nov. 2025<\/p>\n","protected":false},"author":3,"featured_media":3409,"comment_status":"closed","ping_status":"open","sticky":false,"template":"","format":"standard","meta":{"footnotes":""},"categories":[645,685],"tags":[],"class_list":["post-3408","post","type-post","status-publish","format-standard","has-post-thumbnail","hentry","category-edicao-atual","category-edicao-especial"],"_links":{"self":[{"href":"https:\/\/dialogosinternacionais.com.br\/index.php?rest_route=\/wp\/v2\/posts\/3408","targetHints":{"allow":["GET"]}}],"collection":[{"href":"https:\/\/dialogosinternacionais.com.br\/index.php?rest_route=\/wp\/v2\/posts"}],"about":[{"href":"https:\/\/dialogosinternacionais.com.br\/index.php?rest_route=\/wp\/v2\/types\/post"}],"author":[{"embeddable":true,"href":"https:\/\/dialogosinternacionais.com.br\/index.php?rest_route=\/wp\/v2\/users\/3"}],"replies":[{"embeddable":true,"href":"https:\/\/dialogosinternacionais.com.br\/index.php?rest_route=%2Fwp%2Fv2%2Fcomments&post=3408"}],"version-history":[{"count":2,"href":"https:\/\/dialogosinternacionais.com.br\/index.php?rest_route=\/wp\/v2\/posts\/3408\/revisions"}],"predecessor-version":[{"id":3411,"href":"https:\/\/dialogosinternacionais.com.br\/index.php?rest_route=\/wp\/v2\/posts\/3408\/revisions\/3411"}],"wp:featuredmedia":[{"embeddable":true,"href":"https:\/\/dialogosinternacionais.com.br\/index.php?rest_route=\/wp\/v2\/media\/3409"}],"wp:attachment":[{"href":"https:\/\/dialogosinternacionais.com.br\/index.php?rest_route=%2Fwp%2Fv2%2Fmedia&parent=3408"}],"wp:term":[{"taxonomy":"category","embeddable":true,"href":"https:\/\/dialogosinternacionais.com.br\/index.php?rest_route=%2Fwp%2Fv2%2Fcategories&post=3408"},{"taxonomy":"post_tag","embeddable":true,"href":"https:\/\/dialogosinternacionais.com.br\/index.php?rest_route=%2Fwp%2Fv2%2Ftags&post=3408"}],"curies":[{"name":"wp","href":"https:\/\/api.w.org\/{rel}","templated":true}]}}