{"id":3416,"date":"2025-11-04T09:00:00","date_gmt":"2025-11-04T12:00:00","guid":{"rendered":"https:\/\/dialogosinternacionais.com.br\/?p=3416"},"modified":"2025-11-04T18:27:09","modified_gmt":"2025-11-04T21:27:09","slug":"adaptacao-as-mudancas-climaticas","status":"publish","type":"post","link":"https:\/\/dialogosinternacionais.com.br\/?p=3416","title":{"rendered":"ADAPTA\u00c7\u00c3O \u00c0S MUDAN\u00c7AS CLIM\u00c1TICAS"},"content":{"rendered":"\n<p>Edi\u00e7\u00e3o Especial: COP da Amaz\u00f4nia<\/p>\n\n\n\n<p>Volume 12 | N\u00famero 121 | Nov. 2025<\/p>\n\n\n\n<p class=\"has-text-align-right\">Por Ana Luiza Sabbatino <\/p>\n\n\n\n<p class=\"has-text-align-right\">e Priscila Scheidegger<\/p>\n\n\n\n<p><strong>INTRODU\u00c7\u00c3O<\/strong><\/p>\n\n\n\n<p>De acordo com o site oficial das Na\u00e7\u00f5es Unidas, as mudan\u00e7as clim\u00e1ticas s\u00e3o transforma\u00e7\u00f5es a longo prazo nos padr\u00f5es de temperatura e clima. Ainda que essas mudan\u00e7as possam ser naturais, visualiza-se que as atividades humanas t\u00eam sido o principal impulsionador das mudan\u00e7as clim\u00e1ticas, principalmente devido \u00e0 queima de combust\u00edveis f\u00f3sseis como carv\u00e3o, petr\u00f3leo e g\u00e1s. Este processo gera emiss\u00f5es de gases de efeito estufa que agem como um grande cobertor em torno da Terra, retendo o calor do sol e aumentando as temperaturas.&nbsp;<\/p>\n\n\n\n<p>As mudan\u00e7as clim\u00e1ticas representam um dos maiores desafios contempor\u00e2neos, afetando ecossistemas, economias e sociedades em escala global. No contexto espec\u00edfico da Amaz\u00f4nia, o desmatamento de terras e florestas tamb\u00e9m pode liberar di\u00f3xido de carbono. Diante desse cen\u00e1rio, a Confer\u00eancia das Na\u00e7\u00f5es Unidas sobre Mudan\u00e7as Clim\u00e1ticas (COP30), que ser\u00e1 realizada em Bel\u00e9m, no Par\u00e1, em 2025, surge como uma oportunidade hist\u00f3rica para o Brasil reafirmar seu protagonismo nas pol\u00edticas de adapta\u00e7\u00e3o e mitiga\u00e7\u00e3o clim\u00e1tica.&nbsp;<\/p>\n\n\n\n<p>O presente artigo tem como objetivo analisar os principais desafios e estrat\u00e9gias de adapta\u00e7\u00e3o \u00e0s mudan\u00e7as clim\u00e1ticas na Amaz\u00f4nia, destacando as pol\u00edticas p\u00fablicas, iniciativas regionais e as perspectivas de avan\u00e7o no contexto da COP30.&nbsp;<\/p>\n\n\n\n<p><\/p>\n\n\n\n<p><strong>MUDAN\u00c7AS CLIM\u00c1TICAS E O CONCEITO DE ADAPTA\u00c7\u00c3O<\/strong><\/p>\n\n\n\n<ol class=\"wp-block-list\">\n<li><\/li>\n<\/ol>\n\n\n\n<p>Como um dos maiores desafios da humanidade na contemporaneidade, as mudan\u00e7as clim\u00e1ticas exigem respostas articuladas que envolvem tanto medidas de mitiga\u00e7\u00e3o quanto de adapta\u00e7\u00e3o. A mitiga\u00e7\u00e3o tem como prop\u00f3sito reduzir as emiss\u00f5es de gases de efeito estufa (GEE) e, consequentemente, minimizar os impactos futuros sobre o sistema clim\u00e1tico global. A adapta\u00e7\u00e3o busca ampliar a capacidade de resposta dos sistemas naturais e humanos frente aos efeitos j\u00e1 observados das altera\u00e7\u00f5es clim\u00e1ticas. (NOBRE; SAMPAIO, 2022).<\/p>\n\n\n\n<p>No contexto da Amaz\u00f4nia, essas estrat\u00e9gias assumem papel fundamental. A regi\u00e3o apresenta aumento progressivo das temperaturas m\u00e9dias, maior frequ\u00eancia de secas extremas e impactos diretos sobre a produ\u00e7\u00e3o de alimentos e os modos de vida locais. Considerando que a floresta amaz\u00f4nica armazena cerca de 50 bilh\u00f5es de toneladas de carbono florestal, sua preserva\u00e7\u00e3o \u00e9 essencial para a estabilidade clim\u00e1tica planet\u00e1ria. (RODRIGUES, 2025: ONU, 2025).<\/p>\n\n\n\n<p>A continuidade do desmatamento e da degrada\u00e7\u00e3o florestal tende a comprometer o equil\u00edbrio clim\u00e1tico regional e global, al\u00e9m de afetar diretamente a qualidade de vida das aproximadamente 25 milh\u00f5es de pessoas que habitam a regi\u00e3o no Brasil. Dessa forma, pol\u00edticas p\u00fablicas que integrem mitiga\u00e7\u00e3o, adapta\u00e7\u00e3o e conserva\u00e7\u00e3o ambiental s\u00e3o indispens\u00e1veis para garantir a resili\u00eancia socioambiental da Amaz\u00f4nia frente \u00e0s mudan\u00e7as clim\u00e1ticas. (ALMEIDA; MAY, 2016).<\/p>\n\n\n\n<p><\/p>\n\n\n\n<p><strong>POL\u00cdTICAS P\u00daBLICAS E INICIATIVAS DE ADAPTA\u00c7\u00c3O NA AMAZ\u00d4NIA<\/strong><\/p>\n\n\n\n<p>As pol\u00edticas p\u00fablicas para adapta\u00e7\u00e3o clim\u00e1tica&nbsp;envolvem um conjunto de a\u00e7\u00f5es para lidar com os impactos das mudan\u00e7as do clima. Dentre os principais exemplos, \u00e9 poss\u00edvel citar o Plano Nacional de Adapta\u00e7\u00e3o \u00e0 Mudan\u00e7a do Clima (PNA) e os programas do Fundo Amaz\u00f4nia. Estes incentivam pr\u00e1ticas sustent\u00e1veis que protegem a floresta e fortalecem a resili\u00eancia das comunidades locais. Entre essas iniciativas destacam-se agroflorestas, manejo florestal comunit\u00e1rio, energias renov\u00e1veis e pagamento por servi\u00e7os ambientais, permitindo o desenvolvimento econ\u00f4mico sem prejudicar o ecossistema. Ao juntar mitiga\u00e7\u00e3o e adapta\u00e7\u00e3o, a economia verde reduz a vulnerabilidade clim\u00e1tica da regi\u00e3o e promove oportunidades de desenvolvimento socioambiental sustent\u00e1vel. (MENEZES; BATISTA, 2025).<\/p>\n\n\n\n<p>Na Amaz\u00f4nia, as estrat\u00e9gias de adapta\u00e7\u00e3o \u00e0s mudan\u00e7as clim\u00e1ticas t\u00eam se alinhado progressivamente \u00e0 economia verde, que combina preserva\u00e7\u00e3o ambiental, desenvolvimento econ\u00f4mico e inclus\u00e3o social. Nesse contexto, a sustentabilidade se apresenta como uma oportunidade estrat\u00e9gica para os setores-chave do Brasil. (ALMEIDA; MAY, 2016). Observa-se, por exemplo, que quase metade da matriz energ\u00e9tica nacional \u00e9 considerada limpa: cerca de 10% da energia el\u00e9trica \u00e9 proveniente de parques e\u00f3licos no Nordeste, e o pa\u00eds ocupa a 13\u00aa posi\u00e7\u00e3o mundial na produ\u00e7\u00e3o de energia solar. Al\u00e9m disso, o Brasil vem se destacando em novas modalidades da transi\u00e7\u00e3o energ\u00e9tica verde, como projetos de hidrog\u00eanio verde e l\u00edtio verde, que oferecem vantagens competitivas importantes nos esfor\u00e7os de descarboniza\u00e7\u00e3o do pa\u00eds. (RODRIGUES, 2025: MENEZES; BATISTA, 2025).<\/p>\n\n\n\n<p><\/p>\n\n\n\n<p><strong>DESAFIOS E PERSPECTIVAS RUMO \u00c0&nbsp;<\/strong><strong>COP30<\/strong><\/p>\n\n\n\n<p>A realiza\u00e7\u00e3o da COP30 em Bel\u00e9m do Par\u00e1, em 2025, coloca a Amaz\u00f4nia novamente no centro dos debates sobre sustentabilidade global. A cidade, marcada por desigualdade urbana e vulnerabilidade ambiental, representa tanto os desafios da regi\u00e3o quanto \u00e0s possibilidades de implementar estrat\u00e9gias sustent\u00e1veis. A visibilidade internacional exige repensar o modelo de desenvolvimento de Bel\u00e9m, alinhando-o \u00e0 transi\u00e7\u00e3o ecol\u00f3gica e \u00e0 valoriza\u00e7\u00e3o dos saberes amaz\u00f4nicos. (ONU, 2025).<\/p>\n\n\n\n<p>No contexto brasileiro, Diniz, Diniz e Rivas (2016) destacam fragilidades estruturais e institucionais que comprometem a efetividade das pol\u00edticas ambientais. Entre essas fragilidades, incluem-se a governan\u00e7a ambiental enfraquecida, retrocessos legais, baixa capacidade de fiscaliza\u00e7\u00e3o, investimentos industriais concentrados em setores poluentes e falta de ades\u00e3o a certifica\u00e7\u00f5es ambientais, dificultando o acompanhamento de avan\u00e7os no campo da sustentabilidade (ALMEIDA; MAY, 2016).<\/p>\n\n\n\n<p>Seguindo este pensamento, Acemoglu e Robinson (2012) refor\u00e7am a import\u00e2ncia das institui\u00e7\u00f5es, enfatizando que modelos inclusivos favorecem o crescimento sustent\u00e1vel, enquanto institui\u00e7\u00f5es extrativistas podem perpetuar desigualdades e limitar o progresso. Para que a economia verde e a adapta\u00e7\u00e3o clim\u00e1tica na Amaz\u00f4nia avancem, \u00e9 necess\u00e1rio um engajamento social s\u00f3lido e ampla mobiliza\u00e7\u00e3o pol\u00edtica, de modo que as pol\u00edticas implementadas representem efetivamente o interesse p\u00fablico. (RODRIGUES, 2025).<\/p>\n\n\n\n<p>Dessa forma, a COP30 representa uma oportunidade estrat\u00e9gica para o Brasil reafirmar compromissos com o desenvolvimento sustent\u00e1vel e a economia verde, mas seu sucesso depender\u00e1 da capacidade do pa\u00eds de fortalecer institui\u00e7\u00f5es, consolidar a governan\u00e7a ambiental e mobilizar a sociedade em prol de pol\u00edticas clim\u00e1ticas efetivas.<\/p>\n\n\n\n<p><\/p>\n\n\n\n<p><strong>CONSIDERA\u00c7\u00d5ES FINAIS<\/strong><\/p>\n\n\n\n<p>O presente estudo evidencia que o debate sobre as mudan\u00e7as clim\u00e1ticas na Amaz\u00f4nia e o sucesso dessas pol\u00edticas depende da integra\u00e7\u00e3o entre mitiga\u00e7\u00e3o, economia verde e fortalecimento institucional. A regi\u00e3o enfrenta desafios significativos, como o aumento de eventos clim\u00e1ticos extremos, fragilidades institucionais e desigualdades socioecon\u00f4micas, que demandam respostas articuladas e sustent\u00e1veis. Nesse contexto, a economia verde se apresenta como uma ferramenta estrat\u00e9gica.<\/p>\n\n\n\n<p>A realiza\u00e7\u00e3o da COP30 em Bel\u00e9m coloca a Amaz\u00f4nia no foco do debate internacional, oferecendo uma oportunidade hist\u00f3rica para o Brasil reafirmar seu protagonismo em pol\u00edticas clim\u00e1ticas e de adapta\u00e7\u00e3o. No entanto, o avan\u00e7o efetivo depende de institui\u00e7\u00f5es inclusivas, engajamento social e mobiliza\u00e7\u00e3o pol\u00edtica, que garantam a implementa\u00e7\u00e3o de a\u00e7\u00f5es concretas e de longo prazo. Assim, a adapta\u00e7\u00e3o clim\u00e1tica na Amaz\u00f4nia n\u00e3o \u00e9 apenas uma quest\u00e3o ambiental, mas um imperativo estrat\u00e9gico para o desenvolvimento sustent\u00e1vel, a preserva\u00e7\u00e3o da biodiversidade e a seguran\u00e7a socioecon\u00f4mica da regi\u00e3o.<\/p>\n\n\n\n<p><\/p>\n\n\n\n<p><strong>REFER\u00caNCIAS BIBLIOGR\u00c1FICAS<\/strong><\/p>\n\n\n\n<p>ACEMOGLU, Daron; ROBINSON, James A. <strong>Why nations fail:<\/strong> the origins of power, prosperity, and poverty. New York: Crown Business, 2012.&nbsp;<\/p>\n\n\n\n<p>ALMEIDA, Maria Cristina Tin\u00e1 Soares de; MAY, Peter H. (Orgs.). <strong>Gest\u00e3o e governan\u00e7a local para a Amaz\u00f4nia sustent\u00e1vel: notas t\u00e9cnicas<\/strong>. Rio de Janeiro: IBAM, 2016. 228 p. ISBN 978-85-7403-56-2.<\/p>\n\n\n\n<p>DINIZ, Marcelo Bentes; DINIZ, M\u00e1rcia Juc\u00e1 Teixeira; RIVAS, Alexandre Almir Ferreira. Economia brasileira: transi\u00e7\u00e3o para uma Economia Verde? <strong>Ensaios FEE,<\/strong> Porto Alegre, v. 36, n. 4, p. 945-978, mar. 2016<\/p>\n\n\n\n<p>MENEZES, Kesava Yasmim Silva de; BATISTA, Camily Vit\u00f3ria Sobrinho. Economia verde e institui\u00e7\u00f5es na Amaz\u00f4nia: o papel de Bel\u00e9m rumo \u00e0 COP 30.&nbsp;<strong>Cadernos CEPEC<\/strong>, [S.l.], v. 14, n. 2, set. 2025. ISSN 2238-118X.<\/p>\n\n\n\n<p>NOBRE, C. A.; SAMPAIO, G. Mudan\u00e7as Clim\u00e1ticas e Amaz\u00f4nia: riscos e estrat\u00e9gias de adapta\u00e7\u00e3o. <strong>Revista Ci\u00eancia Hoje<\/strong>, v. 373, 2022.<\/p>\n\n\n\n<p>ONU. <strong>United Nations Climate Change Conference (COP30)<\/strong>.&nbsp;Bel\u00e9m, 2025.<\/p>\n\n\n\n<p>RODRIGUES, Bernardo Salgado. A economia pol\u00edtica da Amaz\u00f4nia brasileira sob a perspectiva dos n\u00facleos estrat\u00e9gicos nacionais. <strong>Revista Sociedade Brasileira de Economia Pol\u00edtica,<\/strong> 72 &#8211; edi\u00e7\u00e3o especial 2025.<\/p>\n\n\n\n<p><em><strong>Ana Luiza Sabbatino<\/strong> \u00e9 estudante de Defesa e Gest\u00e3o Estrat\u00e9gica Internacional pela Universidade Federal do Rio de Janeiro (UFRJ), com foco nas \u00e1reas de direitos humanos, meio ambiente e seguran\u00e7a internacional. Aprendiz na \u00e1rea de seguran\u00e7a do Aeroporto Internacional do Rio de Janeiro \u2013 RIOgale\u00e3o. Volunt\u00e1ria em um projeto socioambiental voltado para crian\u00e7as da comunidade, o Conex\u00e3o Escola, contribuindo para a\u00e7\u00f5es educativas e de conscientiza\u00e7\u00e3o ambiental.<\/em><\/p>\n\n\n\n<p><em><strong>Priscila Scheidegger<\/strong> <em>\u00e9 estudante de Defesa e Gest\u00e3o Estrat\u00e9gica Internacional pela Universidade Federal do Rio de Janeiro (UFRJ), com interesse nas \u00e1reas de seguran\u00e7a internacional, estudos de futuro e pol\u00edtica de defesa. Pesquisadora volunt\u00e1ria no Laborat\u00f3rio de Simula\u00e7\u00f5es e Cen\u00e1rios (LSC) da Escola de Guerra Naval, na linha de pesquisa \u201cArranjos Metodol\u00f3gicos\u201d<\/em><\/em><\/p>\n\n\n\n<p><em>Orienta\u00e7\u00e3o da pesquisa: Prof. Dr. Bernardo Salgado Rodrigues<\/em><\/p>\n\n\n\n<p><\/p>\n","protected":false},"excerpt":{"rendered":"<p>Edi\u00e7\u00e3o Especial: COP da Amaz\u00f4nia Volume 12 | N\u00famero 121 | Nov. 2025<\/p>\n","protected":false},"author":3,"featured_media":3409,"comment_status":"closed","ping_status":"open","sticky":false,"template":"","format":"standard","meta":{"footnotes":""},"categories":[645,685],"tags":[],"class_list":["post-3416","post","type-post","status-publish","format-standard","has-post-thumbnail","hentry","category-edicao-atual","category-edicao-especial"],"_links":{"self":[{"href":"https:\/\/dialogosinternacionais.com.br\/index.php?rest_route=\/wp\/v2\/posts\/3416","targetHints":{"allow":["GET"]}}],"collection":[{"href":"https:\/\/dialogosinternacionais.com.br\/index.php?rest_route=\/wp\/v2\/posts"}],"about":[{"href":"https:\/\/dialogosinternacionais.com.br\/index.php?rest_route=\/wp\/v2\/types\/post"}],"author":[{"embeddable":true,"href":"https:\/\/dialogosinternacionais.com.br\/index.php?rest_route=\/wp\/v2\/users\/3"}],"replies":[{"embeddable":true,"href":"https:\/\/dialogosinternacionais.com.br\/index.php?rest_route=%2Fwp%2Fv2%2Fcomments&post=3416"}],"version-history":[{"count":2,"href":"https:\/\/dialogosinternacionais.com.br\/index.php?rest_route=\/wp\/v2\/posts\/3416\/revisions"}],"predecessor-version":[{"id":3438,"href":"https:\/\/dialogosinternacionais.com.br\/index.php?rest_route=\/wp\/v2\/posts\/3416\/revisions\/3438"}],"wp:featuredmedia":[{"embeddable":true,"href":"https:\/\/dialogosinternacionais.com.br\/index.php?rest_route=\/wp\/v2\/media\/3409"}],"wp:attachment":[{"href":"https:\/\/dialogosinternacionais.com.br\/index.php?rest_route=%2Fwp%2Fv2%2Fmedia&parent=3416"}],"wp:term":[{"taxonomy":"category","embeddable":true,"href":"https:\/\/dialogosinternacionais.com.br\/index.php?rest_route=%2Fwp%2Fv2%2Fcategories&post=3416"},{"taxonomy":"post_tag","embeddable":true,"href":"https:\/\/dialogosinternacionais.com.br\/index.php?rest_route=%2Fwp%2Fv2%2Ftags&post=3416"}],"curies":[{"name":"wp","href":"https:\/\/api.w.org\/{rel}","templated":true}]}}